{"id":1250,"date":"2026-08-01T22:23:06","date_gmt":"2026-08-02T02:23:06","guid":{"rendered":"https:\/\/brujulainformativadigital.lat\/?p=1250"},"modified":"2026-08-02T22:39:50","modified_gmt":"2026-08-03T02:39:50","slug":"reconocen-el-coraje-y-la-vocacion-del-cuerpo-de-bomberos-unexpo-tras-contingencia-sismica","status":"publish","type":"post","link":"https:\/\/brujulainformativadigital.lat\/?p=1250","title":{"rendered":"Reconocen el coraje y la vocaci\u00f3n del Cuerpo de Bomberos Unexpo, tras contingencia s\u00edsmica"},"content":{"rendered":"<div class=\"wp-block-image\">\n<figure class=\"aligncenter size-full\"><img loading=\"lazy\" decoding=\"async\" width=\"1001\" height=\"223\" src=\"https:\/\/brujulainformativadigital.lat\/wp-content\/uploads\/2026\/08\/IMG_20260801_215900.png\" alt=\"\" class=\"wp-image-1251\" srcset=\"https:\/\/brujulainformativadigital.lat\/wp-content\/uploads\/2026\/08\/IMG_20260801_215900.png 1001w, https:\/\/brujulainformativadigital.lat\/wp-content\/uploads\/2026\/08\/IMG_20260801_215900-300x67.png 300w, https:\/\/brujulainformativadigital.lat\/wp-content\/uploads\/2026\/08\/IMG_20260801_215900-768x171.png 768w\" sizes=\"auto, (max-width: 1001px) 100vw, 1001px\" \/><\/figure>\n<\/div>\n\n\n<hr class=\"wp-block-separator has-alpha-channel-opacity\"\/>\n\n\n\n<p class=\"has-text-align-center has-medium-font-size wp-block-paragraph\"><em><strong>***La Unexpo rindi\u00f3 homenaje a m\u00e1s de 30 miembros del Cuerpo de Bomberos Unexpo por su destacado despliegue de 22 d\u00edas tras los sismos del 24 de junio, ratificando el compromiso institucional con el fortalecimiento de la cultura de prevenci\u00f3n s\u00edsmica***<\/strong><\/em><\/p>\n\n\n\n<hr class=\"wp-block-separator has-alpha-channel-opacity\"\/>\n\n\n\n<p class=\"wp-block-paragraph\"><strong>(Prensa Unexpo VRPOZ\/ Rosangely Bruces CNP 26.291)<\/strong><\/p>\n\n\n\n<p class=\"wp-block-paragraph\">En honor a la labor realizada por los funcionarios y voluntarios del Cuerpo de Bomberos Unexpo, tras el doblete s\u00edsmico ocurrido el pasado 24 de junio, autoridades del Vicerrectorado Puerto Ordaz de la Universidad Nacional Experimental Polit\u00e9cnica \u00abAntonio Jos\u00e9 de Sucre\u00bb (Unexpo) entregaron reconocimientos al personal que particip\u00f3 en las labores de contingencia.<\/p>\n\n\n\n<p class=\"wp-block-paragraph\">El acto conmemorativo se llev\u00f3 a cabo en los espacios del Auditorio <strong>\u00abOsvaldo Silva\u00bb,<\/strong> donde m\u00e1s de 30 rescatistas, entre funcionarios y voluntarios, recibieron sus condecoraciones acompa\u00f1adas de sus familiares.<\/p>\n\n\n\n<p class=\"wp-block-paragraph\">La actividad cont\u00f3 con la participaci\u00f3n virtual de la rectora de la Unexpo, Dra. Rita Elena A\u00f1ez; mientras que, de manera presencial, asistieron el vicerrector regional, M.Sc. Richard Resplandor; el director administrativo, M.Sc. Yosbell Ram\u00edrez; y la directora de Investigaci\u00f3n y Postgrado, M.Sc. Miriam Romero. La moderaci\u00f3n estuvo a cargo del locutor Santos Mart\u00ednez, adscrito a la Unidad Regional de Cultura, y las notas del Himno Nacional y de la Unexpo fueron interpretadas por los integrantes del Orfe\u00f3n Rafael Monta\u00f1o.<\/p>\n\n\n\n<figure class=\"wp-block-gallery has-nested-images columns-default is-cropped wp-block-gallery-1 is-layout-flex wp-block-gallery-is-layout-flex\">\n<figure class=\"wp-block-image size-large\"><img loading=\"lazy\" decoding=\"async\" width=\"1024\" height=\"587\" data-id=\"1252\" src=\"https:\/\/brujulainformativadigital.lat\/wp-content\/uploads\/2026\/08\/WhatsApp-Image-2026-08-01-at-14.01.06-1-1024x587.jpeg\" alt=\"\" class=\"wp-image-1252\" srcset=\"https:\/\/brujulainformativadigital.lat\/wp-content\/uploads\/2026\/08\/WhatsApp-Image-2026-08-01-at-14.01.06-1-1024x587.jpeg 1024w, https:\/\/brujulainformativadigital.lat\/wp-content\/uploads\/2026\/08\/WhatsApp-Image-2026-08-01-at-14.01.06-1-300x172.jpeg 300w, https:\/\/brujulainformativadigital.lat\/wp-content\/uploads\/2026\/08\/WhatsApp-Image-2026-08-01-at-14.01.06-1-768x440.jpeg 768w, https:\/\/brujulainformativadigital.lat\/wp-content\/uploads\/2026\/08\/WhatsApp-Image-2026-08-01-at-14.01.06-1.jpeg 1280w\" sizes=\"auto, (max-width: 1024px) 100vw, 1024px\" \/><\/figure>\n\n\n\n<figure class=\"wp-block-image size-large\"><img loading=\"lazy\" decoding=\"async\" width=\"1024\" height=\"768\" data-id=\"1253\" src=\"https:\/\/brujulainformativadigital.lat\/wp-content\/uploads\/2026\/08\/WhatsApp-Image-2026-08-01-at-14.01.06-1024x768.jpeg\" alt=\"\" class=\"wp-image-1253\" srcset=\"https:\/\/brujulainformativadigital.lat\/wp-content\/uploads\/2026\/08\/WhatsApp-Image-2026-08-01-at-14.01.06-1024x768.jpeg 1024w, https:\/\/brujulainformativadigital.lat\/wp-content\/uploads\/2026\/08\/WhatsApp-Image-2026-08-01-at-14.01.06-300x225.jpeg 300w, https:\/\/brujulainformativadigital.lat\/wp-content\/uploads\/2026\/08\/WhatsApp-Image-2026-08-01-at-14.01.06-768x576.jpeg 768w, https:\/\/brujulainformativadigital.lat\/wp-content\/uploads\/2026\/08\/WhatsApp-Image-2026-08-01-at-14.01.06.jpeg 1280w\" sizes=\"auto, (max-width: 1024px) 100vw, 1024px\" \/><\/figure>\n<\/figure>\n\n\n\n<h2 class=\"wp-block-heading has-medium-font-size\">Reconocimiento al coraje y la vocaci\u00f3n<\/h2>\n\n\n\n<p class=\"wp-block-paragraph\">En su intervenci\u00f3n, la rectora Dra. Rita Elena A\u00f1ez extendi\u00f3 un profundo agradecimiento a todo el cuerpo bomberil por la labor desempe\u00f1ada. Asimismo, destac\u00f3 la importancia de incorporar la prevenci\u00f3n y mitigaci\u00f3n de riesgos s\u00edsmicos tanto en la formaci\u00f3n ciudadana como en el dise\u00f1o curricular para salvar vidas.<\/p>\n\n\n\n<p class=\"wp-block-paragraph\"><em>\u00abEn nombre de las autoridades universitarias, agradecemos el trabajo de ustedes; en nombre de aquellas personas que alguna vez en la vida, como en este caso particular, hemos sido salvadas por profesionales de la defensa civil que toda naci\u00f3n e instituci\u00f3n debe tener\u00bb,<\/em> expres\u00f3 la autoridad universitaria.<\/p>\n\n\n\n<p class=\"wp-block-paragraph\">Por su parte, el vicerrector regional, M.Sc. Richard Resplandor manifest\u00f3 su orgullo al reconocer a los efectivos de la instituci\u00f3n, resaltando la valent\u00eda, el coraje y la vocaci\u00f3n con la que enfrentaron las dificultades, guiados por el profesionalismo y la solidaridad.<\/p>\n\n\n\n<h2 class=\"wp-block-heading has-medium-font-size\">Fortalecimiento de la cultura s\u00edsmica<\/h2>\n\n\n\n<p class=\"wp-block-paragraph\">El capit\u00e1n Sim\u00f3n Bellor\u00edn, comandante del Cuerpo de Bomberos Unexpo, se\u00f1al\u00f3 que el trabajo realizado durante los 22 d\u00edas de despliegue estuvo marcado por sentimientos encontrados: la tristeza ante la devastaci\u00f3n y, al mismo tiempo, la satisfacci\u00f3n del deber cumplido y la hermandad entre rescatistas y comunidades.<\/p>\n\n\n\n<p class=\"wp-block-paragraph\">Bellor\u00edn resalt\u00f3 la sinergia lograda entre los equipos de rescate nacionales e internacionales, y reiter\u00f3 la necesidad de fortalecer la cultura s\u00edsmica mediante programas de formaci\u00f3n en escuelas y comunidades. Para ello, enfatiz\u00f3 que debe articularse un trabajo continuo entre bomberos, Protecci\u00f3n Civil y especialistas que instruyan a la poblaci\u00f3n en los protocolos de actuaci\u00f3n ante situaciones de riesgo.<\/p>\n\n\n\n<p class=\"wp-block-paragraph\"><\/p>\n","protected":false},"excerpt":{"rendered":"<p>***La Unexpo rindi\u00f3 homenaje a m\u00e1s de 30 miembros del Cuerpo de Bomberos Unexpo por su destacado despliegue de 22 d\u00edas tras los sismos del 24 de junio, ratificando el compromiso institucional con el fortalecimiento de la cultura de prevenci\u00f3n s\u00edsmica*** (Prensa Unexpo VRPOZ\/ Rosangely Bruces CNP 26.291) En honor a la labor realizada por [&hellip;]<\/p>\n","protected":false},"author":1,"featured_media":1254,"comment_status":"open","ping_status":"open","sticky":false,"template":"","format":"standard","meta":{"footnotes":""},"categories":[3,4],"tags":[638,654,652,401,651,655,93,653],"class_list":["post-1250","post","type-post","status-publish","format-standard","has-post-thumbnail","hentry","category-noticias","category-regionales","tag-bomberos","tag-contingencia","tag-coraje","tag-cuerpo","tag-reconocen","tag-sismica","tag-unexpo","tag-vocacion"],"yoast_head":"<!-- This site is optimized with the Yoast SEO plugin v27.9 - https:\/\/yoast.com\/product\/yoast-seo-wordpress\/ -->\n<title>Reconocen el coraje y la vocaci\u00f3n del Cuerpo de Bomberos Unexpo, tras contingencia s\u00edsmica - Br\u00fajula Informativa Digital<\/title>\n<meta name=\"robots\" content=\"index, follow, max-snippet:-1, max-image-preview:large, max-video-preview:-1\" \/>\n<link rel=\"canonical\" href=\"https:\/\/brujulainformativadigital.lat\/?p=1250\" \/>\n<meta property=\"og:locale\" content=\"es_ES\" \/>\n<meta property=\"og:type\" content=\"article\" \/>\n<meta property=\"og:title\" content=\"Reconocen el coraje y la vocaci\u00f3n del Cuerpo de Bomberos Unexpo, tras contingencia s\u00edsmica - Br\u00fajula Informativa Digital\" \/>\n<meta property=\"og:description\" content=\"***La Unexpo rindi\u00f3 homenaje a m\u00e1s de 30 miembros del Cuerpo de Bomberos Unexpo por su destacado despliegue de 22 d\u00edas tras los sismos del 24 de junio, ratificando el compromiso institucional con el fortalecimiento de la cultura de prevenci\u00f3n s\u00edsmica*** (Prensa Unexpo VRPOZ\/ Rosangely Bruces CNP 26.291) En honor a la labor realizada por [&hellip;]\" \/>\n<meta property=\"og:url\" content=\"https:\/\/brujulainformativadigital.lat\/?p=1250\" \/>\n<meta property=\"og:site_name\" content=\"Br\u00fajula Informativa Digital\" \/>\n<meta property=\"article:publisher\" content=\"https:\/\/www.facebook.com\/p\/Brjula-Informativa-Digital-100085876965234\/\" \/>\n<meta property=\"article:published_time\" content=\"2026-08-02T02:23:06+00:00\" \/>\n<meta property=\"article:modified_time\" content=\"2026-08-03T02:39:50+00:00\" \/>\n<meta property=\"og:image\" content=\"https:\/\/brujulainformativadigital.lat\/wp-content\/uploads\/2026\/08\/WhatsApp-Image-2026-08-01-at-14.01.05.jpeg\" \/>\n\t<meta property=\"og:image:width\" content=\"1280\" \/>\n\t<meta property=\"og:image:height\" content=\"714\" \/>\n\t<meta property=\"og:image:type\" content=\"image\/jpeg\" \/>\n<meta name=\"author\" content=\"brujula1\" \/>\n<meta name=\"twitter:card\" content=\"summary_large_image\" \/>\n<meta name=\"twitter:label1\" content=\"Escrito por\" \/>\n\t<meta name=\"twitter:data1\" content=\"brujula1\" \/>\n\t<meta name=\"twitter:label2\" content=\"Tiempo estimado de lectura\" \/>\n\t<meta name=\"twitter:data2\" content=\"3 minutos\" \/>\n<script type=\"application\/ld+json\" class=\"yoast-schema-graph\">{\"@context\":\"https:\\\/\\\/schema.org\",\"@graph\":[{\"@type\":\"Article\",\"@id\":\"https:\\\/\\\/brujulainformativadigital.lat\\\/?p=1250#article\",\"isPartOf\":{\"@id\":\"https:\\\/\\\/brujulainformativadigital.lat\\\/?p=1250\"},\"author\":{\"name\":\"brujula1\",\"@id\":\"https:\\\/\\\/brujulainformativadigital.lat\\\/#\\\/schema\\\/person\\\/51cc34dd75e270eec12558bb60900d2b\"},\"headline\":\"Reconocen el coraje y la vocaci\u00f3n del Cuerpo de Bomberos Unexpo, tras contingencia s\u00edsmica\",\"datePublished\":\"2026-08-02T02:23:06+00:00\",\"dateModified\":\"2026-08-03T02:39:50+00:00\",\"mainEntityOfPage\":{\"@id\":\"https:\\\/\\\/brujulainformativadigital.lat\\\/?p=1250\"},\"wordCount\":521,\"commentCount\":0,\"publisher\":{\"@id\":\"https:\\\/\\\/brujulainformativadigital.lat\\\/#organization\"},\"image\":{\"@id\":\"https:\\\/\\\/brujulainformativadigital.lat\\\/?p=1250#primaryimage\"},\"thumbnailUrl\":\"https:\\\/\\\/brujulainformativadigital.lat\\\/wp-content\\\/uploads\\\/2026\\\/08\\\/WhatsApp-Image-2026-08-01-at-14.01.05.jpeg\",\"keywords\":[\"Bomberos\",\"contingencia\",\"coraje\",\"cuerpo\",\"Reconocen\",\"s\u00edsmica\",\"UNEXPO\",\"vocaci\u00f3n\"],\"articleSection\":[\"Noticias\",\"Regionales\"],\"inLanguage\":\"es\",\"potentialAction\":[{\"@type\":\"CommentAction\",\"name\":\"Comment\",\"target\":[\"https:\\\/\\\/brujulainformativadigital.lat\\\/?p=1250#respond\"]}]},{\"@type\":\"WebPage\",\"@id\":\"https:\\\/\\\/brujulainformativadigital.lat\\\/?p=1250\",\"url\":\"https:\\\/\\\/brujulainformativadigital.lat\\\/?p=1250\",\"name\":\"Reconocen el coraje y la vocaci\u00f3n del Cuerpo de Bomberos Unexpo, tras contingencia s\u00edsmica - Br\u00fajula Informativa Digital\",\"isPartOf\":{\"@id\":\"https:\\\/\\\/brujulainformativadigital.lat\\\/#website\"},\"primaryImageOfPage\":{\"@id\":\"https:\\\/\\\/brujulainformativadigital.lat\\\/?p=1250#primaryimage\"},\"image\":{\"@id\":\"https:\\\/\\\/brujulainformativadigital.lat\\\/?p=1250#primaryimage\"},\"thumbnailUrl\":\"https:\\\/\\\/brujulainformativadigital.lat\\\/wp-content\\\/uploads\\\/2026\\\/08\\\/WhatsApp-Image-2026-08-01-at-14.01.05.jpeg\",\"datePublished\":\"2026-08-02T02:23:06+00:00\",\"dateModified\":\"2026-08-03T02:39:50+00:00\",\"breadcrumb\":{\"@id\":\"https:\\\/\\\/brujulainformativadigital.lat\\\/?p=1250#breadcrumb\"},\"inLanguage\":\"es\",\"potentialAction\":[{\"@type\":\"ReadAction\",\"target\":[\"https:\\\/\\\/brujulainformativadigital.lat\\\/?p=1250\"]}]},{\"@type\":\"ImageObject\",\"inLanguage\":\"es\",\"@id\":\"https:\\\/\\\/brujulainformativadigital.lat\\\/?p=1250#primaryimage\",\"url\":\"https:\\\/\\\/brujulainformativadigital.lat\\\/wp-content\\\/uploads\\\/2026\\\/08\\\/WhatsApp-Image-2026-08-01-at-14.01.05.jpeg\",\"contentUrl\":\"https:\\\/\\\/brujulainformativadigital.lat\\\/wp-content\\\/uploads\\\/2026\\\/08\\\/WhatsApp-Image-2026-08-01-at-14.01.05.jpeg\",\"width\":1280,\"height\":714},{\"@type\":\"BreadcrumbList\",\"@id\":\"https:\\\/\\\/brujulainformativadigital.lat\\\/?p=1250#breadcrumb\",\"itemListElement\":[{\"@type\":\"ListItem\",\"position\":1,\"name\":\"Portada\",\"item\":\"https:\\\/\\\/brujulainformativadigital.lat\\\/\"},{\"@type\":\"ListItem\",\"position\":2,\"name\":\"Reconocen el coraje y la vocaci\u00f3n del Cuerpo de Bomberos Unexpo, tras contingencia s\u00edsmica\"}]},{\"@type\":\"WebSite\",\"@id\":\"https:\\\/\\\/brujulainformativadigital.lat\\\/#website\",\"url\":\"https:\\\/\\\/brujulainformativadigital.lat\\\/\",\"name\":\"Br\u00fajula Informativa Digital\",\"description\":\"Haciendo un nuevo periodismo\",\"publisher\":{\"@id\":\"https:\\\/\\\/brujulainformativadigital.lat\\\/#organization\"},\"potentialAction\":[{\"@type\":\"SearchAction\",\"target\":{\"@type\":\"EntryPoint\",\"urlTemplate\":\"https:\\\/\\\/brujulainformativadigital.lat\\\/?s={search_term_string}\"},\"query-input\":{\"@type\":\"PropertyValueSpecification\",\"valueRequired\":true,\"valueName\":\"search_term_string\"}}],\"inLanguage\":\"es\"},{\"@type\":\"Organization\",\"@id\":\"https:\\\/\\\/brujulainformativadigital.lat\\\/#organization\",\"name\":\"Br\u00fajula Informativa Digital\",\"url\":\"https:\\\/\\\/brujulainformativadigital.lat\\\/\",\"logo\":{\"@type\":\"ImageObject\",\"inLanguage\":\"es\",\"@id\":\"https:\\\/\\\/brujulainformativadigital.lat\\\/#\\\/schema\\\/logo\\\/image\\\/\",\"url\":\"https:\\\/\\\/brujulainformativadigital.lat\\\/wp-content\\\/uploads\\\/2026\\\/07\\\/cropped-cropped-cropped-cropped-BackgroundEraser_20260724_021843796-2.png\",\"contentUrl\":\"https:\\\/\\\/brujulainformativadigital.lat\\\/wp-content\\\/uploads\\\/2026\\\/07\\\/cropped-cropped-cropped-cropped-BackgroundEraser_20260724_021843796-2.png\",\"width\":1894,\"height\":1896,\"caption\":\"Br\u00fajula Informativa Digital\"},\"image\":{\"@id\":\"https:\\\/\\\/brujulainformativadigital.lat\\\/#\\\/schema\\\/logo\\\/image\\\/\"},\"sameAs\":[\"https:\\\/\\\/www.facebook.com\\\/p\\\/Brjula-Informativa-Digital-100085876965234\\\/\",\"https:\\\/\\\/www.instagram.com\\\/brujulainformativadigital\\\/\"]},{\"@type\":\"Person\",\"@id\":\"https:\\\/\\\/brujulainformativadigital.lat\\\/#\\\/schema\\\/person\\\/51cc34dd75e270eec12558bb60900d2b\",\"name\":\"brujula1\",\"image\":{\"@type\":\"ImageObject\",\"inLanguage\":\"es\",\"@id\":\"https:\\\/\\\/secure.gravatar.com\\\/avatar\\\/7e5c45ac46bcd78760a935e9ae7f3df83da35ffae9cbccfbee5a9c3137b68312?s=96&d=mm&r=g\",\"url\":\"https:\\\/\\\/secure.gravatar.com\\\/avatar\\\/7e5c45ac46bcd78760a935e9ae7f3df83da35ffae9cbccfbee5a9c3137b68312?s=96&d=mm&r=g\",\"contentUrl\":\"https:\\\/\\\/secure.gravatar.com\\\/avatar\\\/7e5c45ac46bcd78760a935e9ae7f3df83da35ffae9cbccfbee5a9c3137b68312?s=96&d=mm&r=g\",\"caption\":\"brujula1\"},\"sameAs\":[\"https:\\\/\\\/brujulainformativadigital.lat\"],\"url\":\"https:\\\/\\\/brujulainformativadigital.lat\\\/?author=1\"}]}<\/script>\n<!-- \/ Yoast SEO plugin. -->","yoast_head_json":{"title":"Reconocen el coraje y la vocaci\u00f3n del Cuerpo de Bomberos Unexpo, tras contingencia s\u00edsmica - Br\u00fajula Informativa Digital","robots":{"index":"index","follow":"follow","max-snippet":"max-snippet:-1","max-image-preview":"max-image-preview:large","max-video-preview":"max-video-preview:-1"},"canonical":"https:\/\/brujulainformativadigital.lat\/?p=1250","og_locale":"es_ES","og_type":"article","og_title":"Reconocen el coraje y la vocaci\u00f3n del Cuerpo de Bomberos Unexpo, tras contingencia s\u00edsmica - Br\u00fajula Informativa Digital","og_description":"***La Unexpo rindi\u00f3 homenaje a m\u00e1s de 30 miembros del Cuerpo de Bomberos Unexpo por su destacado despliegue de 22 d\u00edas tras los sismos del 24 de junio, ratificando el compromiso institucional con el fortalecimiento de la cultura de prevenci\u00f3n s\u00edsmica*** (Prensa Unexpo VRPOZ\/ Rosangely Bruces CNP 26.291) En honor a la labor realizada por [&hellip;]","og_url":"https:\/\/brujulainformativadigital.lat\/?p=1250","og_site_name":"Br\u00fajula Informativa Digital","article_publisher":"https:\/\/www.facebook.com\/p\/Brjula-Informativa-Digital-100085876965234\/","article_published_time":"2026-08-02T02:23:06+00:00","article_modified_time":"2026-08-03T02:39:50+00:00","og_image":[{"width":1280,"height":714,"url":"https:\/\/brujulainformativadigital.lat\/wp-content\/uploads\/2026\/08\/WhatsApp-Image-2026-08-01-at-14.01.05.jpeg","type":"image\/jpeg"}],"author":"brujula1","twitter_card":"summary_large_image","twitter_misc":{"Escrito por":"brujula1","Tiempo estimado de lectura":"3 minutos"},"schema":{"@context":"https:\/\/schema.org","@graph":[{"@type":"Article","@id":"https:\/\/brujulainformativadigital.lat\/?p=1250#article","isPartOf":{"@id":"https:\/\/brujulainformativadigital.lat\/?p=1250"},"author":{"name":"brujula1","@id":"https:\/\/brujulainformativadigital.lat\/#\/schema\/person\/51cc34dd75e270eec12558bb60900d2b"},"headline":"Reconocen el coraje y la vocaci\u00f3n del Cuerpo de Bomberos Unexpo, tras contingencia s\u00edsmica","datePublished":"2026-08-02T02:23:06+00:00","dateModified":"2026-08-03T02:39:50+00:00","mainEntityOfPage":{"@id":"https:\/\/brujulainformativadigital.lat\/?p=1250"},"wordCount":521,"commentCount":0,"publisher":{"@id":"https:\/\/brujulainformativadigital.lat\/#organization"},"image":{"@id":"https:\/\/brujulainformativadigital.lat\/?p=1250#primaryimage"},"thumbnailUrl":"https:\/\/brujulainformativadigital.lat\/wp-content\/uploads\/2026\/08\/WhatsApp-Image-2026-08-01-at-14.01.05.jpeg","keywords":["Bomberos","contingencia","coraje","cuerpo","Reconocen","s\u00edsmica","UNEXPO","vocaci\u00f3n"],"articleSection":["Noticias","Regionales"],"inLanguage":"es","potentialAction":[{"@type":"CommentAction","name":"Comment","target":["https:\/\/brujulainformativadigital.lat\/?p=1250#respond"]}]},{"@type":"WebPage","@id":"https:\/\/brujulainformativadigital.lat\/?p=1250","url":"https:\/\/brujulainformativadigital.lat\/?p=1250","name":"Reconocen el coraje y la vocaci\u00f3n del Cuerpo de Bomberos Unexpo, tras contingencia s\u00edsmica - Br\u00fajula Informativa Digital","isPartOf":{"@id":"https:\/\/brujulainformativadigital.lat\/#website"},"primaryImageOfPage":{"@id":"https:\/\/brujulainformativadigital.lat\/?p=1250#primaryimage"},"image":{"@id":"https:\/\/brujulainformativadigital.lat\/?p=1250#primaryimage"},"thumbnailUrl":"https:\/\/brujulainformativadigital.lat\/wp-content\/uploads\/2026\/08\/WhatsApp-Image-2026-08-01-at-14.01.05.jpeg","datePublished":"2026-08-02T02:23:06+00:00","dateModified":"2026-08-03T02:39:50+00:00","breadcrumb":{"@id":"https:\/\/brujulainformativadigital.lat\/?p=1250#breadcrumb"},"inLanguage":"es","potentialAction":[{"@type":"ReadAction","target":["https:\/\/brujulainformativadigital.lat\/?p=1250"]}]},{"@type":"ImageObject","inLanguage":"es","@id":"https:\/\/brujulainformativadigital.lat\/?p=1250#primaryimage","url":"https:\/\/brujulainformativadigital.lat\/wp-content\/uploads\/2026\/08\/WhatsApp-Image-2026-08-01-at-14.01.05.jpeg","contentUrl":"https:\/\/brujulainformativadigital.lat\/wp-content\/uploads\/2026\/08\/WhatsApp-Image-2026-08-01-at-14.01.05.jpeg","width":1280,"height":714},{"@type":"BreadcrumbList","@id":"https:\/\/brujulainformativadigital.lat\/?p=1250#breadcrumb","itemListElement":[{"@type":"ListItem","position":1,"name":"Portada","item":"https:\/\/brujulainformativadigital.lat\/"},{"@type":"ListItem","position":2,"name":"Reconocen el coraje y la vocaci\u00f3n del Cuerpo de Bomberos Unexpo, tras contingencia s\u00edsmica"}]},{"@type":"WebSite","@id":"https:\/\/brujulainformativadigital.lat\/#website","url":"https:\/\/brujulainformativadigital.lat\/","name":"Br\u00fajula Informativa Digital","description":"Haciendo un nuevo periodismo","publisher":{"@id":"https:\/\/brujulainformativadigital.lat\/#organization"},"potentialAction":[{"@type":"SearchAction","target":{"@type":"EntryPoint","urlTemplate":"https:\/\/brujulainformativadigital.lat\/?s={search_term_string}"},"query-input":{"@type":"PropertyValueSpecification","valueRequired":true,"valueName":"search_term_string"}}],"inLanguage":"es"},{"@type":"Organization","@id":"https:\/\/brujulainformativadigital.lat\/#organization","name":"Br\u00fajula Informativa Digital","url":"https:\/\/brujulainformativadigital.lat\/","logo":{"@type":"ImageObject","inLanguage":"es","@id":"https:\/\/brujulainformativadigital.lat\/#\/schema\/logo\/image\/","url":"https:\/\/brujulainformativadigital.lat\/wp-content\/uploads\/2026\/07\/cropped-cropped-cropped-cropped-BackgroundEraser_20260724_021843796-2.png","contentUrl":"https:\/\/brujulainformativadigital.lat\/wp-content\/uploads\/2026\/07\/cropped-cropped-cropped-cropped-BackgroundEraser_20260724_021843796-2.png","width":1894,"height":1896,"caption":"Br\u00fajula Informativa Digital"},"image":{"@id":"https:\/\/brujulainformativadigital.lat\/#\/schema\/logo\/image\/"},"sameAs":["https:\/\/www.facebook.com\/p\/Brjula-Informativa-Digital-100085876965234\/","https:\/\/www.instagram.com\/brujulainformativadigital\/"]},{"@type":"Person","@id":"https:\/\/brujulainformativadigital.lat\/#\/schema\/person\/51cc34dd75e270eec12558bb60900d2b","name":"brujula1","image":{"@type":"ImageObject","inLanguage":"es","@id":"https:\/\/secure.gravatar.com\/avatar\/7e5c45ac46bcd78760a935e9ae7f3df83da35ffae9cbccfbee5a9c3137b68312?s=96&d=mm&r=g","url":"https:\/\/secure.gravatar.com\/avatar\/7e5c45ac46bcd78760a935e9ae7f3df83da35ffae9cbccfbee5a9c3137b68312?s=96&d=mm&r=g","contentUrl":"https:\/\/secure.gravatar.com\/avatar\/7e5c45ac46bcd78760a935e9ae7f3df83da35ffae9cbccfbee5a9c3137b68312?s=96&d=mm&r=g","caption":"brujula1"},"sameAs":["https:\/\/brujulainformativadigital.lat"],"url":"https:\/\/brujulainformativadigital.lat\/?author=1"}]}},"_links":{"self":[{"href":"https:\/\/brujulainformativadigital.lat\/index.php?rest_route=\/wp\/v2\/posts\/1250","targetHints":{"allow":["GET"]}}],"collection":[{"href":"https:\/\/brujulainformativadigital.lat\/index.php?rest_route=\/wp\/v2\/posts"}],"about":[{"href":"https:\/\/brujulainformativadigital.lat\/index.php?rest_route=\/wp\/v2\/types\/post"}],"author":[{"embeddable":true,"href":"https:\/\/brujulainformativadigital.lat\/index.php?rest_route=\/wp\/v2\/users\/1"}],"replies":[{"embeddable":true,"href":"https:\/\/brujulainformativadigital.lat\/index.php?rest_route=%2Fwp%2Fv2%2Fcomments&post=1250"}],"version-history":[{"count":1,"href":"https:\/\/brujulainformativadigital.lat\/index.php?rest_route=\/wp\/v2\/posts\/1250\/revisions"}],"predecessor-version":[{"id":1255,"href":"https:\/\/brujulainformativadigital.lat\/index.php?rest_route=\/wp\/v2\/posts\/1250\/revisions\/1255"}],"wp:featuredmedia":[{"embeddable":true,"href":"https:\/\/brujulainformativadigital.lat\/index.php?rest_route=\/wp\/v2\/media\/1254"}],"wp:attachment":[{"href":"https:\/\/brujulainformativadigital.lat\/index.php?rest_route=%2Fwp%2Fv2%2Fmedia&parent=1250"}],"wp:term":[{"taxonomy":"category","embeddable":true,"href":"https:\/\/brujulainformativadigital.lat\/index.php?rest_route=%2Fwp%2Fv2%2Fcategories&post=1250"},{"taxonomy":"post_tag","embeddable":true,"href":"https:\/\/brujulainformativadigital.lat\/index.php?rest_route=%2Fwp%2Fv2%2Ftags&post=1250"}],"curies":[{"name":"wp","href":"https:\/\/api.w.org\/{rel}","templated":true}]}}