{"id":1295,"date":"2026-08-03T03:29:44","date_gmt":"2026-08-03T07:29:44","guid":{"rendered":"https:\/\/brujulainformativadigital.lat\/?p=1295"},"modified":"2026-08-03T13:12:39","modified_gmt":"2026-08-03T17:12:39","slug":"movimiento-bolivar-joven-se-presenta-en-ciudad-bolivar-y-llama-a-la-organizacion-ciudadana-para-impulsar-un-cambio-democratico","status":"publish","type":"post","link":"https:\/\/brujulainformativadigital.lat\/?p=1295","title":{"rendered":"Movimiento Bol\u00edvar Joven exige cronograma electoral y reafirma su respaldo a Mar\u00eda Corina Machado"},"content":{"rendered":"\n<hr class=\"wp-block-separator has-alpha-channel-opacity\"\/>\n\n\n\n<p class=\"has-text-align-center has-medium-font-size wp-block-paragraph\"><em><strong>***La organizaci\u00f3n present\u00f3 oficialmente su estructura en Angostura del Orinoco, ratific\u00f3 su presencia en los once municipios del estado Bol\u00edvar y llam\u00f3 a la ciudadan\u00eda a organizarse para impulsar la participaci\u00f3n democr\u00e1tica y la convocatoria a elecciones***<\/strong><\/em><\/p>\n\n\n\n<hr class=\"wp-block-separator has-alpha-channel-opacity\"\/>\n\n\n\n<p class=\"wp-block-paragraph\"><strong>Yhonny Rodr\u00edguez | CNP 25.976<\/strong><\/p>\n\n\n\n<p class=\"wp-block-paragraph\"><strong>Ciudad Bol\u00edvar. &#8211;<\/strong> En rueda de prensa realizada en las instalaciones del Colegio de Ingenieros de Ciudad Bol\u00edvar, el Movimiento Bol\u00edvar Joven present\u00f3 oficialmente su estructura organizativa en el municipio Angostura del Orinoco y reafirm\u00f3 su presencia en los once municipios del estado Bol\u00edvar, destacando su compromiso con la participaci\u00f3n ciudadana y la defensa de los derechos sociales.<\/p>\n\n\n\n<p class=\"wp-block-paragraph\">Durante el encuentro con los medios de comunicaci\u00f3n, Miguel \u00c1vila, exconcejal del municipio Angostura del Orinoco y vocero del movimiento en esa jurisdicci\u00f3n, explic\u00f3 que la organizaci\u00f3n surge con el prop\u00f3sito de promover la participaci\u00f3n de los bolivarenses y trabajar por mejores condiciones de vida para la poblaci\u00f3n.<\/p>\n\n\n<div class=\"wp-block-image\">\n<figure class=\"aligncenter size-large is-resized\"><img loading=\"lazy\" decoding=\"async\" width=\"817\" height=\"1024\" src=\"https:\/\/brujulainformativadigital.lat\/wp-content\/uploads\/2026\/08\/IMG_20260801_105530-817x1024.jpg\" alt=\"\" class=\"wp-image-1296\" style=\"width:477px;height:auto\" srcset=\"https:\/\/brujulainformativadigital.lat\/wp-content\/uploads\/2026\/08\/IMG_20260801_105530-817x1024.jpg 817w, https:\/\/brujulainformativadigital.lat\/wp-content\/uploads\/2026\/08\/IMG_20260801_105530-239x300.jpg 239w, https:\/\/brujulainformativadigital.lat\/wp-content\/uploads\/2026\/08\/IMG_20260801_105530-768x962.jpg 768w, https:\/\/brujulainformativadigital.lat\/wp-content\/uploads\/2026\/08\/IMG_20260801_105530.jpg 1080w\" sizes=\"auto, (max-width: 817px) 100vw, 817px\" \/><figcaption class=\"wp-element-caption\"><strong>\u00c1vila se\u00f1al\u00f3 que el movimiento busca respaldar las demandas de diversos sectores del pa\u00eds<\/strong> <strong>(Fotos: Yhonny Rodr\u00edguez)<\/strong><\/figcaption><\/figure>\n<\/div>\n\n\n<p class=\"wp-block-paragraph\">\u00c1vila se\u00f1al\u00f3 que el movimiento busca respaldar las demandas de diversos sectores del pa\u00eds, entre ellos maestros, m\u00e9dicos, enfermeros, estudiantes, trabajadores, jubilados y pensionados, quienes enfrentan dificultades derivadas de la situaci\u00f3n econ\u00f3mica y de los servicios p\u00fablicos.<\/p>\n\n\n\n<p class=\"wp-block-paragraph\">Asimismo, manifest\u00f3 que el Movimiento Bol\u00edvar Joven plantea la necesidad de avanzar hacia un cronograma electoral y expres\u00f3 su respaldo a la dirigente opositora Mar\u00eda Corina Machado, postura que, indic\u00f3, forma parte de la l\u00ednea pol\u00edtica asumida por la organizaci\u00f3n.<\/p>\n\n\n\n<p class=\"wp-block-paragraph\">El dirigente sostuvo que la agrupaci\u00f3n continuar\u00e1 recorriendo los municipios del estado Bol\u00edvar con el objetivo de fortalecer su estructura organizativa e incorporar a nuevos ciudadanos interesados en participar en el movimiento.<\/p>\n\n\n\n<p class=\"wp-block-paragraph\">Por su parte, Roniel Far\u00edas, secretario de Organizaci\u00f3n del Movimiento Bol\u00edvar Joven, destac\u00f3 la importancia de la participaci\u00f3n ciudadana y exhort\u00f3 a la sociedad a involucrarse en la construcci\u00f3n de propuestas para el futuro del pa\u00eds.<\/p>\n\n\n<div class=\"wp-block-image\">\n<figure class=\"aligncenter size-large is-resized\"><img loading=\"lazy\" decoding=\"async\" width=\"896\" height=\"1024\" src=\"https:\/\/brujulainformativadigital.lat\/wp-content\/uploads\/2026\/08\/IMG_20260801_110515-896x1024.jpg\" alt=\"\" class=\"wp-image-1297\" style=\"width:478px;height:auto\" srcset=\"https:\/\/brujulainformativadigital.lat\/wp-content\/uploads\/2026\/08\/IMG_20260801_110515-896x1024.jpg 896w, https:\/\/brujulainformativadigital.lat\/wp-content\/uploads\/2026\/08\/IMG_20260801_110515-263x300.jpg 263w, https:\/\/brujulainformativadigital.lat\/wp-content\/uploads\/2026\/08\/IMG_20260801_110515-768x878.jpg 768w, https:\/\/brujulainformativadigital.lat\/wp-content\/uploads\/2026\/08\/IMG_20260801_110515.jpg 1030w\" sizes=\"auto, (max-width: 896px) 100vw, 896px\" \/><figcaption class=\"wp-element-caption\"><strong>Roniel Far\u00edas, secretario de Organizaci\u00f3n del Movimiento Bol\u00edvar Joven, destac\u00f3 la importancia de la participaci\u00f3n ciudadana<\/strong><\/figcaption><\/figure>\n<\/div>\n\n\n<p class=\"wp-block-paragraph\"><em><strong>\u00abBol\u00edvar es nuestra casa y nuestro futuro se decide aqu\u00ed. Hacemos un llamado firme a los estudiantes, gremios, profesionales y a toda la sociedad civil: es momento de sumarnos, organizarnos y levantar la voz por el pa\u00eds que nos merecemos\u00bb,<\/strong><\/em> expres\u00f3 Far\u00edas durante su intervenci\u00f3n.<\/p>\n\n\n\n<p class=\"wp-block-paragraph\">El dirigente agreg\u00f3 que, a juicio del movimiento, la organizaci\u00f3n ciudadana constituye un elemento fundamental para alcanzar los objetivos planteados.<\/p>\n\n\n\n<p class=\"wp-block-paragraph\"><em><strong>\u00abLa semilla que sembremos hoy ser\u00e1 el \u00e1rbol que dar\u00e1 frutos ma\u00f1ana, el fruto de la libertad, la democracia y el desarrollo. Seguimos adelante con determinaci\u00f3n\u00bb,<\/strong><\/em> afirm\u00f3.<\/p>\n\n\n\n<p class=\"wp-block-paragraph\">Durante la actividad, los representantes del Movimiento Bol\u00edvar Joven reiteraron su exigencia de que se convoquen elecciones y reafirmaron su disposici\u00f3n de continuar desarrollando actividades pol\u00edticas y organizativas en el estado Bol\u00edvar.<\/p>\n\n\n\n<p class=\"wp-block-paragraph\">La rueda de prensa cont\u00f3 con la participaci\u00f3n de dirigentes y representantes de distintos sectores que respaldan la iniciativa, quienes reiteraron su compromiso de continuar promoviendo espacios de participaci\u00f3n ciudadana en la regi\u00f3n.<\/p>\n\n\n\n<p class=\"wp-block-paragraph\"><\/p>\n","protected":false},"excerpt":{"rendered":"<p>***La organizaci\u00f3n present\u00f3 oficialmente su estructura en Angostura del Orinoco, ratific\u00f3 su presencia en los once municipios del estado Bol\u00edvar y llam\u00f3 a la ciudadan\u00eda a organizarse para impulsar la participaci\u00f3n democr\u00e1tica y la convocatoria a elecciones*** Yhonny Rodr\u00edguez | CNP 25.976 Ciudad Bol\u00edvar. &#8211; En rueda de prensa realizada en las instalaciones del Colegio [&hellip;]<\/p>\n","protected":false},"author":1,"featured_media":1298,"comment_status":"open","ping_status":"open","sticky":false,"template":"","format":"standard","meta":{"footnotes":""},"categories":[3,34,4],"tags":[659,66,658,660,517,656,546,657],"class_list":["post-1295","post","type-post","status-publish","format-standard","has-post-thumbnail","hentry","category-noticias","category-politica","category-regionales","tag-cambio","tag-ciudad-bolivar","tag-ciudadana","tag-democratico","tag-impulsar","tag-movimiento-bolivar-joven","tag-organizacion","tag-presenta"],"yoast_head":"<!-- This site is optimized with the Yoast SEO plugin v27.9 - https:\/\/yoast.com\/product\/yoast-seo-wordpress\/ -->\n<title>Movimiento Bol\u00edvar Joven exige cronograma electoral y reafirma su respaldo a Mar\u00eda Corina Machado - Br\u00fajula Informativa Digital<\/title>\n<meta name=\"robots\" content=\"index, follow, max-snippet:-1, max-image-preview:large, max-video-preview:-1\" \/>\n<link rel=\"canonical\" href=\"https:\/\/brujulainformativadigital.lat\/?p=1295\" \/>\n<meta property=\"og:locale\" content=\"es_ES\" \/>\n<meta property=\"og:type\" content=\"article\" \/>\n<meta property=\"og:title\" content=\"Movimiento Bol\u00edvar Joven exige cronograma electoral y reafirma su respaldo a Mar\u00eda Corina Machado - Br\u00fajula Informativa Digital\" \/>\n<meta property=\"og:description\" content=\"***La organizaci\u00f3n present\u00f3 oficialmente su estructura en Angostura del Orinoco, ratific\u00f3 su presencia en los once municipios del estado Bol\u00edvar y llam\u00f3 a la ciudadan\u00eda a organizarse para impulsar la participaci\u00f3n democr\u00e1tica y la convocatoria a elecciones*** Yhonny Rodr\u00edguez | CNP 25.976 Ciudad Bol\u00edvar. &#8211; En rueda de prensa realizada en las instalaciones del Colegio [&hellip;]\" \/>\n<meta property=\"og:url\" content=\"https:\/\/brujulainformativadigital.lat\/?p=1295\" \/>\n<meta property=\"og:site_name\" content=\"Br\u00fajula Informativa Digital\" \/>\n<meta property=\"article:publisher\" content=\"https:\/\/www.facebook.com\/p\/Brjula-Informativa-Digital-100085876965234\/\" \/>\n<meta property=\"article:published_time\" content=\"2026-08-03T07:29:44+00:00\" \/>\n<meta property=\"article:modified_time\" content=\"2026-08-03T17:12:39+00:00\" \/>\n<meta property=\"og:image\" content=\"https:\/\/brujulainformativadigital.lat\/wp-content\/uploads\/2026\/08\/IMG_20260803_031010-scaled.jpg\" \/>\n\t<meta property=\"og:image:width\" content=\"2560\" \/>\n\t<meta property=\"og:image:height\" content=\"1475\" \/>\n\t<meta property=\"og:image:type\" content=\"image\/jpeg\" \/>\n<meta name=\"author\" content=\"brujula1\" \/>\n<meta name=\"twitter:card\" content=\"summary_large_image\" \/>\n<meta name=\"twitter:label1\" content=\"Escrito por\" \/>\n\t<meta name=\"twitter:data1\" content=\"brujula1\" \/>\n\t<meta name=\"twitter:label2\" content=\"Tiempo estimado de lectura\" \/>\n\t<meta name=\"twitter:data2\" content=\"3 minutos\" \/>\n<script type=\"application\/ld+json\" class=\"yoast-schema-graph\">{\"@context\":\"https:\\\/\\\/schema.org\",\"@graph\":[{\"@type\":\"Article\",\"@id\":\"https:\\\/\\\/brujulainformativadigital.lat\\\/?p=1295#article\",\"isPartOf\":{\"@id\":\"https:\\\/\\\/brujulainformativadigital.lat\\\/?p=1295\"},\"author\":{\"name\":\"brujula1\",\"@id\":\"https:\\\/\\\/brujulainformativadigital.lat\\\/#\\\/schema\\\/person\\\/51cc34dd75e270eec12558bb60900d2b\"},\"headline\":\"Movimiento Bol\u00edvar Joven exige cronograma electoral y reafirma su respaldo a Mar\u00eda Corina Machado\",\"datePublished\":\"2026-08-03T07:29:44+00:00\",\"dateModified\":\"2026-08-03T17:12:39+00:00\",\"mainEntityOfPage\":{\"@id\":\"https:\\\/\\\/brujulainformativadigital.lat\\\/?p=1295\"},\"wordCount\":554,\"commentCount\":0,\"publisher\":{\"@id\":\"https:\\\/\\\/brujulainformativadigital.lat\\\/#organization\"},\"image\":{\"@id\":\"https:\\\/\\\/brujulainformativadigital.lat\\\/?p=1295#primaryimage\"},\"thumbnailUrl\":\"https:\\\/\\\/brujulainformativadigital.lat\\\/wp-content\\\/uploads\\\/2026\\\/08\\\/IMG_20260803_031010-scaled.jpg\",\"keywords\":[\"cambio\",\"Ciudad Bol\u00edvar\",\"ciudadana\",\"democr\u00e1tico\",\"impulsar\",\"Movimiento Bol\u00edvar Joven\",\"organizaci\u00f3n\",\"presenta\"],\"articleSection\":[\"Noticias\",\"Pol\u00edtica\",\"Regionales\"],\"inLanguage\":\"es\",\"potentialAction\":[{\"@type\":\"CommentAction\",\"name\":\"Comment\",\"target\":[\"https:\\\/\\\/brujulainformativadigital.lat\\\/?p=1295#respond\"]}]},{\"@type\":\"WebPage\",\"@id\":\"https:\\\/\\\/brujulainformativadigital.lat\\\/?p=1295\",\"url\":\"https:\\\/\\\/brujulainformativadigital.lat\\\/?p=1295\",\"name\":\"Movimiento Bol\u00edvar Joven exige cronograma electoral y reafirma su respaldo a Mar\u00eda Corina Machado - Br\u00fajula Informativa Digital\",\"isPartOf\":{\"@id\":\"https:\\\/\\\/brujulainformativadigital.lat\\\/#website\"},\"primaryImageOfPage\":{\"@id\":\"https:\\\/\\\/brujulainformativadigital.lat\\\/?p=1295#primaryimage\"},\"image\":{\"@id\":\"https:\\\/\\\/brujulainformativadigital.lat\\\/?p=1295#primaryimage\"},\"thumbnailUrl\":\"https:\\\/\\\/brujulainformativadigital.lat\\\/wp-content\\\/uploads\\\/2026\\\/08\\\/IMG_20260803_031010-scaled.jpg\",\"datePublished\":\"2026-08-03T07:29:44+00:00\",\"dateModified\":\"2026-08-03T17:12:39+00:00\",\"breadcrumb\":{\"@id\":\"https:\\\/\\\/brujulainformativadigital.lat\\\/?p=1295#breadcrumb\"},\"inLanguage\":\"es\",\"potentialAction\":[{\"@type\":\"ReadAction\",\"target\":[\"https:\\\/\\\/brujulainformativadigital.lat\\\/?p=1295\"]}]},{\"@type\":\"ImageObject\",\"inLanguage\":\"es\",\"@id\":\"https:\\\/\\\/brujulainformativadigital.lat\\\/?p=1295#primaryimage\",\"url\":\"https:\\\/\\\/brujulainformativadigital.lat\\\/wp-content\\\/uploads\\\/2026\\\/08\\\/IMG_20260803_031010-scaled.jpg\",\"contentUrl\":\"https:\\\/\\\/brujulainformativadigital.lat\\\/wp-content\\\/uploads\\\/2026\\\/08\\\/IMG_20260803_031010-scaled.jpg\",\"width\":2560,\"height\":1475},{\"@type\":\"BreadcrumbList\",\"@id\":\"https:\\\/\\\/brujulainformativadigital.lat\\\/?p=1295#breadcrumb\",\"itemListElement\":[{\"@type\":\"ListItem\",\"position\":1,\"name\":\"Portada\",\"item\":\"https:\\\/\\\/brujulainformativadigital.lat\\\/\"},{\"@type\":\"ListItem\",\"position\":2,\"name\":\"Movimiento Bol\u00edvar Joven exige cronograma electoral y reafirma su respaldo a Mar\u00eda Corina Machado\"}]},{\"@type\":\"WebSite\",\"@id\":\"https:\\\/\\\/brujulainformativadigital.lat\\\/#website\",\"url\":\"https:\\\/\\\/brujulainformativadigital.lat\\\/\",\"name\":\"Br\u00fajula Informativa Digital\",\"description\":\"Haciendo un nuevo periodismo\",\"publisher\":{\"@id\":\"https:\\\/\\\/brujulainformativadigital.lat\\\/#organization\"},\"potentialAction\":[{\"@type\":\"SearchAction\",\"target\":{\"@type\":\"EntryPoint\",\"urlTemplate\":\"https:\\\/\\\/brujulainformativadigital.lat\\\/?s={search_term_string}\"},\"query-input\":{\"@type\":\"PropertyValueSpecification\",\"valueRequired\":true,\"valueName\":\"search_term_string\"}}],\"inLanguage\":\"es\"},{\"@type\":\"Organization\",\"@id\":\"https:\\\/\\\/brujulainformativadigital.lat\\\/#organization\",\"name\":\"Br\u00fajula Informativa Digital\",\"url\":\"https:\\\/\\\/brujulainformativadigital.lat\\\/\",\"logo\":{\"@type\":\"ImageObject\",\"inLanguage\":\"es\",\"@id\":\"https:\\\/\\\/brujulainformativadigital.lat\\\/#\\\/schema\\\/logo\\\/image\\\/\",\"url\":\"https:\\\/\\\/brujulainformativadigital.lat\\\/wp-content\\\/uploads\\\/2026\\\/07\\\/cropped-cropped-cropped-cropped-BackgroundEraser_20260724_021843796-2.png\",\"contentUrl\":\"https:\\\/\\\/brujulainformativadigital.lat\\\/wp-content\\\/uploads\\\/2026\\\/07\\\/cropped-cropped-cropped-cropped-BackgroundEraser_20260724_021843796-2.png\",\"width\":1894,\"height\":1896,\"caption\":\"Br\u00fajula Informativa Digital\"},\"image\":{\"@id\":\"https:\\\/\\\/brujulainformativadigital.lat\\\/#\\\/schema\\\/logo\\\/image\\\/\"},\"sameAs\":[\"https:\\\/\\\/www.facebook.com\\\/p\\\/Brjula-Informativa-Digital-100085876965234\\\/\",\"https:\\\/\\\/www.instagram.com\\\/brujulainformativadigital\\\/\"]},{\"@type\":\"Person\",\"@id\":\"https:\\\/\\\/brujulainformativadigital.lat\\\/#\\\/schema\\\/person\\\/51cc34dd75e270eec12558bb60900d2b\",\"name\":\"brujula1\",\"image\":{\"@type\":\"ImageObject\",\"inLanguage\":\"es\",\"@id\":\"https:\\\/\\\/secure.gravatar.com\\\/avatar\\\/7e5c45ac46bcd78760a935e9ae7f3df83da35ffae9cbccfbee5a9c3137b68312?s=96&d=mm&r=g\",\"url\":\"https:\\\/\\\/secure.gravatar.com\\\/avatar\\\/7e5c45ac46bcd78760a935e9ae7f3df83da35ffae9cbccfbee5a9c3137b68312?s=96&d=mm&r=g\",\"contentUrl\":\"https:\\\/\\\/secure.gravatar.com\\\/avatar\\\/7e5c45ac46bcd78760a935e9ae7f3df83da35ffae9cbccfbee5a9c3137b68312?s=96&d=mm&r=g\",\"caption\":\"brujula1\"},\"sameAs\":[\"https:\\\/\\\/brujulainformativadigital.lat\"],\"url\":\"https:\\\/\\\/brujulainformativadigital.lat\\\/?author=1\"}]}<\/script>\n<!-- \/ Yoast SEO plugin. -->","yoast_head_json":{"title":"Movimiento Bol\u00edvar Joven exige cronograma electoral y reafirma su respaldo a Mar\u00eda Corina Machado - Br\u00fajula Informativa Digital","robots":{"index":"index","follow":"follow","max-snippet":"max-snippet:-1","max-image-preview":"max-image-preview:large","max-video-preview":"max-video-preview:-1"},"canonical":"https:\/\/brujulainformativadigital.lat\/?p=1295","og_locale":"es_ES","og_type":"article","og_title":"Movimiento Bol\u00edvar Joven exige cronograma electoral y reafirma su respaldo a Mar\u00eda Corina Machado - Br\u00fajula Informativa Digital","og_description":"***La organizaci\u00f3n present\u00f3 oficialmente su estructura en Angostura del Orinoco, ratific\u00f3 su presencia en los once municipios del estado Bol\u00edvar y llam\u00f3 a la ciudadan\u00eda a organizarse para impulsar la participaci\u00f3n democr\u00e1tica y la convocatoria a elecciones*** Yhonny Rodr\u00edguez | CNP 25.976 Ciudad Bol\u00edvar. &#8211; En rueda de prensa realizada en las instalaciones del Colegio [&hellip;]","og_url":"https:\/\/brujulainformativadigital.lat\/?p=1295","og_site_name":"Br\u00fajula Informativa Digital","article_publisher":"https:\/\/www.facebook.com\/p\/Brjula-Informativa-Digital-100085876965234\/","article_published_time":"2026-08-03T07:29:44+00:00","article_modified_time":"2026-08-03T17:12:39+00:00","og_image":[{"width":2560,"height":1475,"url":"https:\/\/brujulainformativadigital.lat\/wp-content\/uploads\/2026\/08\/IMG_20260803_031010-scaled.jpg","type":"image\/jpeg"}],"author":"brujula1","twitter_card":"summary_large_image","twitter_misc":{"Escrito por":"brujula1","Tiempo estimado de lectura":"3 minutos"},"schema":{"@context":"https:\/\/schema.org","@graph":[{"@type":"Article","@id":"https:\/\/brujulainformativadigital.lat\/?p=1295#article","isPartOf":{"@id":"https:\/\/brujulainformativadigital.lat\/?p=1295"},"author":{"name":"brujula1","@id":"https:\/\/brujulainformativadigital.lat\/#\/schema\/person\/51cc34dd75e270eec12558bb60900d2b"},"headline":"Movimiento Bol\u00edvar Joven exige cronograma electoral y reafirma su respaldo a Mar\u00eda Corina Machado","datePublished":"2026-08-03T07:29:44+00:00","dateModified":"2026-08-03T17:12:39+00:00","mainEntityOfPage":{"@id":"https:\/\/brujulainformativadigital.lat\/?p=1295"},"wordCount":554,"commentCount":0,"publisher":{"@id":"https:\/\/brujulainformativadigital.lat\/#organization"},"image":{"@id":"https:\/\/brujulainformativadigital.lat\/?p=1295#primaryimage"},"thumbnailUrl":"https:\/\/brujulainformativadigital.lat\/wp-content\/uploads\/2026\/08\/IMG_20260803_031010-scaled.jpg","keywords":["cambio","Ciudad Bol\u00edvar","ciudadana","democr\u00e1tico","impulsar","Movimiento Bol\u00edvar Joven","organizaci\u00f3n","presenta"],"articleSection":["Noticias","Pol\u00edtica","Regionales"],"inLanguage":"es","potentialAction":[{"@type":"CommentAction","name":"Comment","target":["https:\/\/brujulainformativadigital.lat\/?p=1295#respond"]}]},{"@type":"WebPage","@id":"https:\/\/brujulainformativadigital.lat\/?p=1295","url":"https:\/\/brujulainformativadigital.lat\/?p=1295","name":"Movimiento Bol\u00edvar Joven exige cronograma electoral y reafirma su respaldo a Mar\u00eda Corina Machado - Br\u00fajula Informativa Digital","isPartOf":{"@id":"https:\/\/brujulainformativadigital.lat\/#website"},"primaryImageOfPage":{"@id":"https:\/\/brujulainformativadigital.lat\/?p=1295#primaryimage"},"image":{"@id":"https:\/\/brujulainformativadigital.lat\/?p=1295#primaryimage"},"thumbnailUrl":"https:\/\/brujulainformativadigital.lat\/wp-content\/uploads\/2026\/08\/IMG_20260803_031010-scaled.jpg","datePublished":"2026-08-03T07:29:44+00:00","dateModified":"2026-08-03T17:12:39+00:00","breadcrumb":{"@id":"https:\/\/brujulainformativadigital.lat\/?p=1295#breadcrumb"},"inLanguage":"es","potentialAction":[{"@type":"ReadAction","target":["https:\/\/brujulainformativadigital.lat\/?p=1295"]}]},{"@type":"ImageObject","inLanguage":"es","@id":"https:\/\/brujulainformativadigital.lat\/?p=1295#primaryimage","url":"https:\/\/brujulainformativadigital.lat\/wp-content\/uploads\/2026\/08\/IMG_20260803_031010-scaled.jpg","contentUrl":"https:\/\/brujulainformativadigital.lat\/wp-content\/uploads\/2026\/08\/IMG_20260803_031010-scaled.jpg","width":2560,"height":1475},{"@type":"BreadcrumbList","@id":"https:\/\/brujulainformativadigital.lat\/?p=1295#breadcrumb","itemListElement":[{"@type":"ListItem","position":1,"name":"Portada","item":"https:\/\/brujulainformativadigital.lat\/"},{"@type":"ListItem","position":2,"name":"Movimiento Bol\u00edvar Joven exige cronograma electoral y reafirma su respaldo a Mar\u00eda Corina Machado"}]},{"@type":"WebSite","@id":"https:\/\/brujulainformativadigital.lat\/#website","url":"https:\/\/brujulainformativadigital.lat\/","name":"Br\u00fajula Informativa Digital","description":"Haciendo un nuevo periodismo","publisher":{"@id":"https:\/\/brujulainformativadigital.lat\/#organization"},"potentialAction":[{"@type":"SearchAction","target":{"@type":"EntryPoint","urlTemplate":"https:\/\/brujulainformativadigital.lat\/?s={search_term_string}"},"query-input":{"@type":"PropertyValueSpecification","valueRequired":true,"valueName":"search_term_string"}}],"inLanguage":"es"},{"@type":"Organization","@id":"https:\/\/brujulainformativadigital.lat\/#organization","name":"Br\u00fajula Informativa Digital","url":"https:\/\/brujulainformativadigital.lat\/","logo":{"@type":"ImageObject","inLanguage":"es","@id":"https:\/\/brujulainformativadigital.lat\/#\/schema\/logo\/image\/","url":"https:\/\/brujulainformativadigital.lat\/wp-content\/uploads\/2026\/07\/cropped-cropped-cropped-cropped-BackgroundEraser_20260724_021843796-2.png","contentUrl":"https:\/\/brujulainformativadigital.lat\/wp-content\/uploads\/2026\/07\/cropped-cropped-cropped-cropped-BackgroundEraser_20260724_021843796-2.png","width":1894,"height":1896,"caption":"Br\u00fajula Informativa Digital"},"image":{"@id":"https:\/\/brujulainformativadigital.lat\/#\/schema\/logo\/image\/"},"sameAs":["https:\/\/www.facebook.com\/p\/Brjula-Informativa-Digital-100085876965234\/","https:\/\/www.instagram.com\/brujulainformativadigital\/"]},{"@type":"Person","@id":"https:\/\/brujulainformativadigital.lat\/#\/schema\/person\/51cc34dd75e270eec12558bb60900d2b","name":"brujula1","image":{"@type":"ImageObject","inLanguage":"es","@id":"https:\/\/secure.gravatar.com\/avatar\/7e5c45ac46bcd78760a935e9ae7f3df83da35ffae9cbccfbee5a9c3137b68312?s=96&d=mm&r=g","url":"https:\/\/secure.gravatar.com\/avatar\/7e5c45ac46bcd78760a935e9ae7f3df83da35ffae9cbccfbee5a9c3137b68312?s=96&d=mm&r=g","contentUrl":"https:\/\/secure.gravatar.com\/avatar\/7e5c45ac46bcd78760a935e9ae7f3df83da35ffae9cbccfbee5a9c3137b68312?s=96&d=mm&r=g","caption":"brujula1"},"sameAs":["https:\/\/brujulainformativadigital.lat"],"url":"https:\/\/brujulainformativadigital.lat\/?author=1"}]}},"_links":{"self":[{"href":"https:\/\/brujulainformativadigital.lat\/index.php?rest_route=\/wp\/v2\/posts\/1295","targetHints":{"allow":["GET"]}}],"collection":[{"href":"https:\/\/brujulainformativadigital.lat\/index.php?rest_route=\/wp\/v2\/posts"}],"about":[{"href":"https:\/\/brujulainformativadigital.lat\/index.php?rest_route=\/wp\/v2\/types\/post"}],"author":[{"embeddable":true,"href":"https:\/\/brujulainformativadigital.lat\/index.php?rest_route=\/wp\/v2\/users\/1"}],"replies":[{"embeddable":true,"href":"https:\/\/brujulainformativadigital.lat\/index.php?rest_route=%2Fwp%2Fv2%2Fcomments&post=1295"}],"version-history":[{"count":3,"href":"https:\/\/brujulainformativadigital.lat\/index.php?rest_route=\/wp\/v2\/posts\/1295\/revisions"}],"predecessor-version":[{"id":1302,"href":"https:\/\/brujulainformativadigital.lat\/index.php?rest_route=\/wp\/v2\/posts\/1295\/revisions\/1302"}],"wp:featuredmedia":[{"embeddable":true,"href":"https:\/\/brujulainformativadigital.lat\/index.php?rest_route=\/wp\/v2\/media\/1298"}],"wp:attachment":[{"href":"https:\/\/brujulainformativadigital.lat\/index.php?rest_route=%2Fwp%2Fv2%2Fmedia&parent=1295"}],"wp:term":[{"taxonomy":"category","embeddable":true,"href":"https:\/\/brujulainformativadigital.lat\/index.php?rest_route=%2Fwp%2Fv2%2Fcategories&post=1295"},{"taxonomy":"post_tag","embeddable":true,"href":"https:\/\/brujulainformativadigital.lat\/index.php?rest_route=%2Fwp%2Fv2%2Ftags&post=1295"}],"curies":[{"name":"wp","href":"https:\/\/api.w.org\/{rel}","templated":true}]}}