{"id":1306,"date":"2026-08-12T03:11:16","date_gmt":"2026-08-12T07:11:16","guid":{"rendered":"https:\/\/brujulainformativadigital.lat\/?p=1306"},"modified":"2026-08-12T03:13:29","modified_gmt":"2026-08-12T07:13:29","slug":"dinorah-figuera-recibe-planteamientos-de-jubilados-y-abre-agenda-de-trabajo-con-el-callao","status":"publish","type":"post","link":"https:\/\/brujulainformativadigital.lat\/?p=1306","title":{"rendered":"DINORAH FIGUERA RECIBE PLANTEAMIENTOS DE JUBILADOS Y ABRE AGENDA DE TRABAJO CON EL CALLAO"},"content":{"rendered":"\n<p class=\"has-text-align-left has-medium-font-size wp-block-paragraph\"><em><strong>\u25b6&nbsp; La dirigente opositora sostuvo encuentros con representantes de distintos sectores y acord\u00f3 una nueva reuni\u00f3n en Caracas con autoridades y mineros de la localidad bolivarense.<\/strong><\/em><\/p>\n\n\n\n<p class=\"wp-block-paragraph\"><strong>CORRESPONSAL\u00cdA DE BR\u00daJULA INFORMATIVA DIGITAL<\/strong>.<\/p>\n\n\n\n<p class=\"wp-block-paragraph\"><strong>OFICINA CAPITAL<\/strong><\/p>\n\n\n\n<p class=\"wp-block-paragraph\"><strong>\u00a0Redacci\u00f3n. Caracas. &#8211;<\/strong> Dinorah Figuera sostuvo un encuentro con jubilados y pensionados de El Callao, quienes presentaron diversos planteamientos relacionados con sus condiciones de vida. En el marco de la agenda de di\u00e1logo pol\u00edtico y social que contin\u00faa incorporando las demandas de distintos sectores de la poblaci\u00f3n. En ese contexto, la representante de la Asamblea Nacional electa en 2015, Dinorah Figuera, sostuvo encuentros con organizaciones gremiales, entre ellas representantes de jubilados y pensionados.<\/p>\n\n\n\n<p class=\"wp-block-paragraph\">Durante las reuniones, el sector de jubilados present\u00f3 un documento en el que fueron recopilados diversos planteamientos relacionados con las condiciones de vida y las necesidades de los adultos mayores.<\/p>\n\n\n\n<p class=\"wp-block-paragraph\">Figuera recibi\u00f3 los reclamos y calific\u00f3 las demandas planteadas como \u201cjustas y necesarias\u201d, al tiempo que manifest\u00f3 su disposici\u00f3n a continuar acompa\u00f1ando las gestiones orientadas a lograr mejores condiciones para este importante sector de la poblaci\u00f3n.<\/p>\n\n\n<div class=\"wp-block-image\">\n<figure class=\"aligncenter size-full\"><img loading=\"lazy\" decoding=\"async\" width=\"800\" height=\"500\" src=\"https:\/\/brujulainformativadigital.lat\/wp-content\/uploads\/2026\/08\/dinorah-figuera-pensionados-_20260810_190207_0000-9e15aa.jpg\" alt=\"\" class=\"wp-image-1308\" srcset=\"https:\/\/brujulainformativadigital.lat\/wp-content\/uploads\/2026\/08\/dinorah-figuera-pensionados-_20260810_190207_0000-9e15aa.jpg 800w, https:\/\/brujulainformativadigital.lat\/wp-content\/uploads\/2026\/08\/dinorah-figuera-pensionados-_20260810_190207_0000-9e15aa-300x188.jpg 300w, https:\/\/brujulainformativadigital.lat\/wp-content\/uploads\/2026\/08\/dinorah-figuera-pensionados-_20260810_190207_0000-9e15aa-768x480.jpg 768w\" sizes=\"auto, (max-width: 800px) 100vw, 800px\" \/><\/figure>\n<\/div>\n\n\n<p class=\"wp-block-paragraph\">Entre los planteamientos abordados destacan asuntos relacionados con las pensiones, el acceso a servicios de salud, la seguridad social y las condiciones necesarias para garantizar una vida digna a los jubilados y pensionados.<\/p>\n\n\n\n<h2 class=\"wp-block-heading\">\u00a0AGENDA CON EL CALLAO<\/h2>\n\n\n\n<p class=\"wp-block-paragraph\">Como parte de esta agenda de reuniones, Figuera tambi\u00e9n sostuvo un encuentro institucional con el alcalde del municipio El Callao, estado Bol\u00edvar, Jes\u00fas Coromoto Lugo, con quien intercambi\u00f3 planteamientos sobre la situaci\u00f3n socioecon\u00f3mica que atraviesa esta zona del sur del pa\u00eds.<\/p>\n\n\n\n<p class=\"wp-block-paragraph\">La conversaci\u00f3n permiti\u00f3 establecer una nueva agenda de trabajo, que contempla un pr\u00f3ximo encuentro en la ciudad de Caracas dentro de aproximadamente 15 d\u00edas.<\/p>\n\n\n\n<p class=\"wp-block-paragraph\">A esta reuni\u00f3n se prev\u00e9 la incorporaci\u00f3n de representantes del sector minero de El Callao, con la finalidad de analizar la realidad de esta actividad econ\u00f3mica y evaluar posibles alternativas frente a los distintos desaf\u00edos que enfrenta la regi\u00f3n.<\/p>\n\n\n\n<h2 class=\"wp-block-heading\">\u00a0DI\u00c1LOGO CON LOS SECTORES PRODUCTIVOS<\/h2>\n\n\n\n<p class=\"wp-block-paragraph\">El encuentro busca ampliar los espacios de di\u00e1logo entre representantes pol\u00edticos, autoridades locales y sectores vinculados con la actividad econ\u00f3mica de El Callao, particularmente aquellos relacionados con la miner\u00eda.<\/p>\n\n\n\n<p class=\"wp-block-paragraph\">La intenci\u00f3n, de acuerdo con los planteamientos surgidos de la reuni\u00f3n, es avanzar hacia propuestas que permitan atender las necesidades de las comunidades y promover condiciones que favorezcan el desarrollo econ\u00f3mico y social de la zona.<\/p>\n\n\n\n<p class=\"wp-block-paragraph\">Con estos encuentros, Figuera mantiene una agenda de acercamiento con diferentes sectores, incorporando tanto las demandas sociales de jubilados y pensionados como las inquietudes provenientes de las regiones productivas del pa\u00eds.<\/p>\n\n\n\n<p class=\"wp-block-paragraph\">&nbsp;<strong>BR\u00daJULA INFORMATIVA DIGITAL<\/strong> continuar\u00e1 dando seguimiento a esta agenda y a los pr\u00f3ximos encuentros previstos en Caracas con representantes de El Callao y del sector minero.<\/p>\n\n\n\n<p class=\"wp-block-paragraph\"><strong>&nbsp;BR\u00daJULA INFORMATIVA DIGITAL. \u201c<\/strong><em>Tu gu\u00eda en el mundo de la informaci\u00f3n\u201d.<\/em><strong><\/strong><\/p>\n\n\n\n<p class=\"wp-block-paragraph\"><\/p>\n","protected":false},"excerpt":{"rendered":"<p>\u25b6&nbsp; La dirigente opositora sostuvo encuentros con representantes de distintos sectores y acord\u00f3 una nueva reuni\u00f3n en Caracas con autoridades y mineros de la localidad bolivarense. CORRESPONSAL\u00cdA DE BR\u00daJULA INFORMATIVA DIGITAL. OFICINA CAPITAL \u00a0Redacci\u00f3n. Caracas. &#8211; Dinorah Figuera sostuvo un encuentro con jubilados y pensionados de El Callao, quienes presentaron diversos planteamientos relacionados con sus [&hellip;]<\/p>\n","protected":false},"author":1,"featured_media":1308,"comment_status":"open","ping_status":"open","sticky":false,"template":"","format":"standard","meta":{"footnotes":""},"categories":[5,3],"tags":[665,661,666,664,663,662,293],"class_list":["post-1306","post","type-post","status-publish","format-standard","has-post-thumbnail","hentry","category-nacionales","category-noticias","tag-agenda","tag-dinorah-figuera","tag-el-callao","tag-jubilados","tag-planteamientos","tag-recibe","tag-trabajo"],"yoast_head":"<!-- This site is optimized with the Yoast SEO plugin v27.9 - https:\/\/yoast.com\/product\/yoast-seo-wordpress\/ -->\n<title>DINORAH FIGUERA RECIBE PLANTEAMIENTOS DE JUBILADOS Y ABRE AGENDA DE TRABAJO CON EL CALLAO - Br\u00fajula Informativa Digital DINORAH FIGUERA JUBILADOS CALLAO: PLANTEAMIENTOS Y AGENDA DE TRABAJO<\/title>\n<meta name=\"description\" content=\"Dinorah Figuera recibi\u00f3 planteamientos de jubilados y pensionados del Callao y abri\u00f3 una agenda de trabajo para atender sus necesidades.\" \/>\n<meta name=\"robots\" content=\"index, follow, max-snippet:-1, max-image-preview:large, max-video-preview:-1\" \/>\n<link rel=\"canonical\" href=\"https:\/\/brujulainformativadigital.lat\/?p=1306\" \/>\n<meta property=\"og:locale\" content=\"es_ES\" \/>\n<meta property=\"og:type\" content=\"article\" \/>\n<meta property=\"og:title\" content=\"DINORAH FIGUERA RECIBE PLANTEAMIENTOS DE JUBILADOS Y ABRE AGENDA DE TRABAJO CON EL CALLAO - Br\u00fajula Informativa Digital DINORAH FIGUERA JUBILADOS CALLAO: PLANTEAMIENTOS Y AGENDA DE TRABAJO\" \/>\n<meta property=\"og:description\" content=\"Dinorah Figuera recibi\u00f3 planteamientos de jubilados y pensionados del Callao y abri\u00f3 una agenda de trabajo para atender sus necesidades.\" \/>\n<meta property=\"og:url\" content=\"https:\/\/brujulainformativadigital.lat\/?p=1306\" \/>\n<meta property=\"og:site_name\" content=\"Br\u00fajula Informativa Digital\" \/>\n<meta property=\"article:publisher\" content=\"https:\/\/www.facebook.com\/p\/Brjula-Informativa-Digital-100085876965234\/\" \/>\n<meta property=\"article:published_time\" content=\"2026-08-12T07:11:16+00:00\" \/>\n<meta property=\"article:modified_time\" content=\"2026-08-12T07:13:29+00:00\" \/>\n<meta property=\"og:image\" content=\"https:\/\/brujulainformativadigital.lat\/wp-content\/uploads\/2026\/08\/dinorah-figuera-pensionados-_20260810_190207_0000-9e15aa.jpg\" \/>\n\t<meta property=\"og:image:width\" content=\"800\" \/>\n\t<meta property=\"og:image:height\" content=\"500\" \/>\n\t<meta property=\"og:image:type\" content=\"image\/jpeg\" \/>\n<meta name=\"author\" content=\"brujula1\" \/>\n<meta name=\"twitter:card\" content=\"summary_large_image\" \/>\n<meta name=\"twitter:label1\" content=\"Escrito por\" \/>\n\t<meta name=\"twitter:data1\" content=\"brujula1\" \/>\n\t<meta name=\"twitter:label2\" content=\"Tiempo estimado de lectura\" \/>\n\t<meta name=\"twitter:data2\" content=\"3 minutos\" \/>\n<script type=\"application\/ld+json\" class=\"yoast-schema-graph\">{\"@context\":\"https:\\\/\\\/schema.org\",\"@graph\":[{\"@type\":\"Article\",\"@id\":\"https:\\\/\\\/brujulainformativadigital.lat\\\/?p=1306#article\",\"isPartOf\":{\"@id\":\"https:\\\/\\\/brujulainformativadigital.lat\\\/?p=1306\"},\"author\":{\"name\":\"brujula1\",\"@id\":\"https:\\\/\\\/brujulainformativadigital.lat\\\/#\\\/schema\\\/person\\\/51cc34dd75e270eec12558bb60900d2b\"},\"headline\":\"DINORAH FIGUERA RECIBE PLANTEAMIENTOS DE JUBILADOS Y ABRE AGENDA DE TRABAJO CON EL CALLAO\",\"datePublished\":\"2026-08-12T07:11:16+00:00\",\"dateModified\":\"2026-08-12T07:13:29+00:00\",\"mainEntityOfPage\":{\"@id\":\"https:\\\/\\\/brujulainformativadigital.lat\\\/?p=1306\"},\"wordCount\":504,\"commentCount\":0,\"publisher\":{\"@id\":\"https:\\\/\\\/brujulainformativadigital.lat\\\/#organization\"},\"image\":{\"@id\":\"https:\\\/\\\/brujulainformativadigital.lat\\\/?p=1306#primaryimage\"},\"thumbnailUrl\":\"https:\\\/\\\/brujulainformativadigital.lat\\\/wp-content\\\/uploads\\\/2026\\\/08\\\/dinorah-figuera-pensionados-_20260810_190207_0000-9e15aa.jpg\",\"keywords\":[\"AGENDA\",\"DINORAH FIGUERA\",\"EL CALLAO\",\"JUBILADOS\",\"PLANTEAMIENTOS\",\"RECIBE\",\"Trabajo\"],\"articleSection\":[\"Nacionales\",\"Noticias\"],\"inLanguage\":\"es\",\"potentialAction\":[{\"@type\":\"CommentAction\",\"name\":\"Comment\",\"target\":[\"https:\\\/\\\/brujulainformativadigital.lat\\\/?p=1306#respond\"]}]},{\"@type\":\"WebPage\",\"@id\":\"https:\\\/\\\/brujulainformativadigital.lat\\\/?p=1306\",\"url\":\"https:\\\/\\\/brujulainformativadigital.lat\\\/?p=1306\",\"name\":\"DINORAH FIGUERA RECIBE PLANTEAMIENTOS DE JUBILADOS Y ABRE AGENDA DE TRABAJO CON EL CALLAO - Br\u00fajula Informativa Digital DINORAH FIGUERA JUBILADOS CALLAO: PLANTEAMIENTOS Y AGENDA DE TRABAJO\",\"isPartOf\":{\"@id\":\"https:\\\/\\\/brujulainformativadigital.lat\\\/#website\"},\"primaryImageOfPage\":{\"@id\":\"https:\\\/\\\/brujulainformativadigital.lat\\\/?p=1306#primaryimage\"},\"image\":{\"@id\":\"https:\\\/\\\/brujulainformativadigital.lat\\\/?p=1306#primaryimage\"},\"thumbnailUrl\":\"https:\\\/\\\/brujulainformativadigital.lat\\\/wp-content\\\/uploads\\\/2026\\\/08\\\/dinorah-figuera-pensionados-_20260810_190207_0000-9e15aa.jpg\",\"datePublished\":\"2026-08-12T07:11:16+00:00\",\"dateModified\":\"2026-08-12T07:13:29+00:00\",\"description\":\"Dinorah Figuera recibi\u00f3 planteamientos de jubilados y pensionados del Callao y abri\u00f3 una agenda de trabajo para atender sus necesidades.\",\"breadcrumb\":{\"@id\":\"https:\\\/\\\/brujulainformativadigital.lat\\\/?p=1306#breadcrumb\"},\"inLanguage\":\"es\",\"potentialAction\":[{\"@type\":\"ReadAction\",\"target\":[\"https:\\\/\\\/brujulainformativadigital.lat\\\/?p=1306\"]}]},{\"@type\":\"ImageObject\",\"inLanguage\":\"es\",\"@id\":\"https:\\\/\\\/brujulainformativadigital.lat\\\/?p=1306#primaryimage\",\"url\":\"https:\\\/\\\/brujulainformativadigital.lat\\\/wp-content\\\/uploads\\\/2026\\\/08\\\/dinorah-figuera-pensionados-_20260810_190207_0000-9e15aa.jpg\",\"contentUrl\":\"https:\\\/\\\/brujulainformativadigital.lat\\\/wp-content\\\/uploads\\\/2026\\\/08\\\/dinorah-figuera-pensionados-_20260810_190207_0000-9e15aa.jpg\",\"width\":800,\"height\":500},{\"@type\":\"BreadcrumbList\",\"@id\":\"https:\\\/\\\/brujulainformativadigital.lat\\\/?p=1306#breadcrumb\",\"itemListElement\":[{\"@type\":\"ListItem\",\"position\":1,\"name\":\"Portada\",\"item\":\"https:\\\/\\\/brujulainformativadigital.lat\\\/\"},{\"@type\":\"ListItem\",\"position\":2,\"name\":\"DINORAH FIGUERA RECIBE PLANTEAMIENTOS DE JUBILADOS Y ABRE AGENDA DE TRABAJO CON EL CALLAO\"}]},{\"@type\":\"WebSite\",\"@id\":\"https:\\\/\\\/brujulainformativadigital.lat\\\/#website\",\"url\":\"https:\\\/\\\/brujulainformativadigital.lat\\\/\",\"name\":\"Br\u00fajula Informativa Digital\",\"description\":\"Haciendo un nuevo periodismo\",\"publisher\":{\"@id\":\"https:\\\/\\\/brujulainformativadigital.lat\\\/#organization\"},\"potentialAction\":[{\"@type\":\"SearchAction\",\"target\":{\"@type\":\"EntryPoint\",\"urlTemplate\":\"https:\\\/\\\/brujulainformativadigital.lat\\\/?s={search_term_string}\"},\"query-input\":{\"@type\":\"PropertyValueSpecification\",\"valueRequired\":true,\"valueName\":\"search_term_string\"}}],\"inLanguage\":\"es\"},{\"@type\":\"Organization\",\"@id\":\"https:\\\/\\\/brujulainformativadigital.lat\\\/#organization\",\"name\":\"Br\u00fajula Informativa Digital\",\"url\":\"https:\\\/\\\/brujulainformativadigital.lat\\\/\",\"logo\":{\"@type\":\"ImageObject\",\"inLanguage\":\"es\",\"@id\":\"https:\\\/\\\/brujulainformativadigital.lat\\\/#\\\/schema\\\/logo\\\/image\\\/\",\"url\":\"https:\\\/\\\/brujulainformativadigital.lat\\\/wp-content\\\/uploads\\\/2026\\\/07\\\/cropped-cropped-cropped-cropped-BackgroundEraser_20260724_021843796-2.png\",\"contentUrl\":\"https:\\\/\\\/brujulainformativadigital.lat\\\/wp-content\\\/uploads\\\/2026\\\/07\\\/cropped-cropped-cropped-cropped-BackgroundEraser_20260724_021843796-2.png\",\"width\":1894,\"height\":1896,\"caption\":\"Br\u00fajula Informativa Digital\"},\"image\":{\"@id\":\"https:\\\/\\\/brujulainformativadigital.lat\\\/#\\\/schema\\\/logo\\\/image\\\/\"},\"sameAs\":[\"https:\\\/\\\/www.facebook.com\\\/p\\\/Brjula-Informativa-Digital-100085876965234\\\/\",\"https:\\\/\\\/www.instagram.com\\\/brujulainformativadigital\\\/\"]},{\"@type\":\"Person\",\"@id\":\"https:\\\/\\\/brujulainformativadigital.lat\\\/#\\\/schema\\\/person\\\/51cc34dd75e270eec12558bb60900d2b\",\"name\":\"brujula1\",\"image\":{\"@type\":\"ImageObject\",\"inLanguage\":\"es\",\"@id\":\"https:\\\/\\\/secure.gravatar.com\\\/avatar\\\/7e5c45ac46bcd78760a935e9ae7f3df83da35ffae9cbccfbee5a9c3137b68312?s=96&d=mm&r=g\",\"url\":\"https:\\\/\\\/secure.gravatar.com\\\/avatar\\\/7e5c45ac46bcd78760a935e9ae7f3df83da35ffae9cbccfbee5a9c3137b68312?s=96&d=mm&r=g\",\"contentUrl\":\"https:\\\/\\\/secure.gravatar.com\\\/avatar\\\/7e5c45ac46bcd78760a935e9ae7f3df83da35ffae9cbccfbee5a9c3137b68312?s=96&d=mm&r=g\",\"caption\":\"brujula1\"},\"sameAs\":[\"https:\\\/\\\/brujulainformativadigital.lat\"],\"url\":\"https:\\\/\\\/brujulainformativadigital.lat\\\/?author=1\"}]}<\/script>\n<!-- \/ Yoast SEO plugin. -->","yoast_head_json":{"title":"DINORAH FIGUERA RECIBE PLANTEAMIENTOS DE JUBILADOS Y ABRE AGENDA DE TRABAJO CON EL CALLAO - Br\u00fajula Informativa Digital DINORAH FIGUERA JUBILADOS CALLAO: PLANTEAMIENTOS Y AGENDA DE TRABAJO","description":"Dinorah Figuera recibi\u00f3 planteamientos de jubilados y pensionados del Callao y abri\u00f3 una agenda de trabajo para atender sus necesidades.","robots":{"index":"index","follow":"follow","max-snippet":"max-snippet:-1","max-image-preview":"max-image-preview:large","max-video-preview":"max-video-preview:-1"},"canonical":"https:\/\/brujulainformativadigital.lat\/?p=1306","og_locale":"es_ES","og_type":"article","og_title":"DINORAH FIGUERA RECIBE PLANTEAMIENTOS DE JUBILADOS Y ABRE AGENDA DE TRABAJO CON EL CALLAO - Br\u00fajula Informativa Digital DINORAH FIGUERA JUBILADOS CALLAO: PLANTEAMIENTOS Y AGENDA DE TRABAJO","og_description":"Dinorah Figuera recibi\u00f3 planteamientos de jubilados y pensionados del Callao y abri\u00f3 una agenda de trabajo para atender sus necesidades.","og_url":"https:\/\/brujulainformativadigital.lat\/?p=1306","og_site_name":"Br\u00fajula Informativa Digital","article_publisher":"https:\/\/www.facebook.com\/p\/Brjula-Informativa-Digital-100085876965234\/","article_published_time":"2026-08-12T07:11:16+00:00","article_modified_time":"2026-08-12T07:13:29+00:00","og_image":[{"width":800,"height":500,"url":"https:\/\/brujulainformativadigital.lat\/wp-content\/uploads\/2026\/08\/dinorah-figuera-pensionados-_20260810_190207_0000-9e15aa.jpg","type":"image\/jpeg"}],"author":"brujula1","twitter_card":"summary_large_image","twitter_misc":{"Escrito por":"brujula1","Tiempo estimado de lectura":"3 minutos"},"schema":{"@context":"https:\/\/schema.org","@graph":[{"@type":"Article","@id":"https:\/\/brujulainformativadigital.lat\/?p=1306#article","isPartOf":{"@id":"https:\/\/brujulainformativadigital.lat\/?p=1306"},"author":{"name":"brujula1","@id":"https:\/\/brujulainformativadigital.lat\/#\/schema\/person\/51cc34dd75e270eec12558bb60900d2b"},"headline":"DINORAH FIGUERA RECIBE PLANTEAMIENTOS DE JUBILADOS Y ABRE AGENDA DE TRABAJO CON EL CALLAO","datePublished":"2026-08-12T07:11:16+00:00","dateModified":"2026-08-12T07:13:29+00:00","mainEntityOfPage":{"@id":"https:\/\/brujulainformativadigital.lat\/?p=1306"},"wordCount":504,"commentCount":0,"publisher":{"@id":"https:\/\/brujulainformativadigital.lat\/#organization"},"image":{"@id":"https:\/\/brujulainformativadigital.lat\/?p=1306#primaryimage"},"thumbnailUrl":"https:\/\/brujulainformativadigital.lat\/wp-content\/uploads\/2026\/08\/dinorah-figuera-pensionados-_20260810_190207_0000-9e15aa.jpg","keywords":["AGENDA","DINORAH FIGUERA","EL CALLAO","JUBILADOS","PLANTEAMIENTOS","RECIBE","Trabajo"],"articleSection":["Nacionales","Noticias"],"inLanguage":"es","potentialAction":[{"@type":"CommentAction","name":"Comment","target":["https:\/\/brujulainformativadigital.lat\/?p=1306#respond"]}]},{"@type":"WebPage","@id":"https:\/\/brujulainformativadigital.lat\/?p=1306","url":"https:\/\/brujulainformativadigital.lat\/?p=1306","name":"DINORAH FIGUERA RECIBE PLANTEAMIENTOS DE JUBILADOS Y ABRE AGENDA DE TRABAJO CON EL CALLAO - Br\u00fajula Informativa Digital DINORAH FIGUERA JUBILADOS CALLAO: PLANTEAMIENTOS Y AGENDA DE TRABAJO","isPartOf":{"@id":"https:\/\/brujulainformativadigital.lat\/#website"},"primaryImageOfPage":{"@id":"https:\/\/brujulainformativadigital.lat\/?p=1306#primaryimage"},"image":{"@id":"https:\/\/brujulainformativadigital.lat\/?p=1306#primaryimage"},"thumbnailUrl":"https:\/\/brujulainformativadigital.lat\/wp-content\/uploads\/2026\/08\/dinorah-figuera-pensionados-_20260810_190207_0000-9e15aa.jpg","datePublished":"2026-08-12T07:11:16+00:00","dateModified":"2026-08-12T07:13:29+00:00","description":"Dinorah Figuera recibi\u00f3 planteamientos de jubilados y pensionados del Callao y abri\u00f3 una agenda de trabajo para atender sus necesidades.","breadcrumb":{"@id":"https:\/\/brujulainformativadigital.lat\/?p=1306#breadcrumb"},"inLanguage":"es","potentialAction":[{"@type":"ReadAction","target":["https:\/\/brujulainformativadigital.lat\/?p=1306"]}]},{"@type":"ImageObject","inLanguage":"es","@id":"https:\/\/brujulainformativadigital.lat\/?p=1306#primaryimage","url":"https:\/\/brujulainformativadigital.lat\/wp-content\/uploads\/2026\/08\/dinorah-figuera-pensionados-_20260810_190207_0000-9e15aa.jpg","contentUrl":"https:\/\/brujulainformativadigital.lat\/wp-content\/uploads\/2026\/08\/dinorah-figuera-pensionados-_20260810_190207_0000-9e15aa.jpg","width":800,"height":500},{"@type":"BreadcrumbList","@id":"https:\/\/brujulainformativadigital.lat\/?p=1306#breadcrumb","itemListElement":[{"@type":"ListItem","position":1,"name":"Portada","item":"https:\/\/brujulainformativadigital.lat\/"},{"@type":"ListItem","position":2,"name":"DINORAH FIGUERA RECIBE PLANTEAMIENTOS DE JUBILADOS Y ABRE AGENDA DE TRABAJO CON EL CALLAO"}]},{"@type":"WebSite","@id":"https:\/\/brujulainformativadigital.lat\/#website","url":"https:\/\/brujulainformativadigital.lat\/","name":"Br\u00fajula Informativa Digital","description":"Haciendo un nuevo periodismo","publisher":{"@id":"https:\/\/brujulainformativadigital.lat\/#organization"},"potentialAction":[{"@type":"SearchAction","target":{"@type":"EntryPoint","urlTemplate":"https:\/\/brujulainformativadigital.lat\/?s={search_term_string}"},"query-input":{"@type":"PropertyValueSpecification","valueRequired":true,"valueName":"search_term_string"}}],"inLanguage":"es"},{"@type":"Organization","@id":"https:\/\/brujulainformativadigital.lat\/#organization","name":"Br\u00fajula Informativa Digital","url":"https:\/\/brujulainformativadigital.lat\/","logo":{"@type":"ImageObject","inLanguage":"es","@id":"https:\/\/brujulainformativadigital.lat\/#\/schema\/logo\/image\/","url":"https:\/\/brujulainformativadigital.lat\/wp-content\/uploads\/2026\/07\/cropped-cropped-cropped-cropped-BackgroundEraser_20260724_021843796-2.png","contentUrl":"https:\/\/brujulainformativadigital.lat\/wp-content\/uploads\/2026\/07\/cropped-cropped-cropped-cropped-BackgroundEraser_20260724_021843796-2.png","width":1894,"height":1896,"caption":"Br\u00fajula Informativa Digital"},"image":{"@id":"https:\/\/brujulainformativadigital.lat\/#\/schema\/logo\/image\/"},"sameAs":["https:\/\/www.facebook.com\/p\/Brjula-Informativa-Digital-100085876965234\/","https:\/\/www.instagram.com\/brujulainformativadigital\/"]},{"@type":"Person","@id":"https:\/\/brujulainformativadigital.lat\/#\/schema\/person\/51cc34dd75e270eec12558bb60900d2b","name":"brujula1","image":{"@type":"ImageObject","inLanguage":"es","@id":"https:\/\/secure.gravatar.com\/avatar\/7e5c45ac46bcd78760a935e9ae7f3df83da35ffae9cbccfbee5a9c3137b68312?s=96&d=mm&r=g","url":"https:\/\/secure.gravatar.com\/avatar\/7e5c45ac46bcd78760a935e9ae7f3df83da35ffae9cbccfbee5a9c3137b68312?s=96&d=mm&r=g","contentUrl":"https:\/\/secure.gravatar.com\/avatar\/7e5c45ac46bcd78760a935e9ae7f3df83da35ffae9cbccfbee5a9c3137b68312?s=96&d=mm&r=g","caption":"brujula1"},"sameAs":["https:\/\/brujulainformativadigital.lat"],"url":"https:\/\/brujulainformativadigital.lat\/?author=1"}]}},"_links":{"self":[{"href":"https:\/\/brujulainformativadigital.lat\/index.php?rest_route=\/wp\/v2\/posts\/1306","targetHints":{"allow":["GET"]}}],"collection":[{"href":"https:\/\/brujulainformativadigital.lat\/index.php?rest_route=\/wp\/v2\/posts"}],"about":[{"href":"https:\/\/brujulainformativadigital.lat\/index.php?rest_route=\/wp\/v2\/types\/post"}],"author":[{"embeddable":true,"href":"https:\/\/brujulainformativadigital.lat\/index.php?rest_route=\/wp\/v2\/users\/1"}],"replies":[{"embeddable":true,"href":"https:\/\/brujulainformativadigital.lat\/index.php?rest_route=%2Fwp%2Fv2%2Fcomments&post=1306"}],"version-history":[{"count":5,"href":"https:\/\/brujulainformativadigital.lat\/index.php?rest_route=\/wp\/v2\/posts\/1306\/revisions"}],"predecessor-version":[{"id":1313,"href":"https:\/\/brujulainformativadigital.lat\/index.php?rest_route=\/wp\/v2\/posts\/1306\/revisions\/1313"}],"wp:featuredmedia":[{"embeddable":true,"href":"https:\/\/brujulainformativadigital.lat\/index.php?rest_route=\/wp\/v2\/media\/1308"}],"wp:attachment":[{"href":"https:\/\/brujulainformativadigital.lat\/index.php?rest_route=%2Fwp%2Fv2%2Fmedia&parent=1306"}],"wp:term":[{"taxonomy":"category","embeddable":true,"href":"https:\/\/brujulainformativadigital.lat\/index.php?rest_route=%2Fwp%2Fv2%2Fcategories&post=1306"},{"taxonomy":"post_tag","embeddable":true,"href":"https:\/\/brujulainformativadigital.lat\/index.php?rest_route=%2Fwp%2Fv2%2Ftags&post=1306"}],"curies":[{"name":"wp","href":"https:\/\/api.w.org\/{rel}","templated":true}]}}