{"id":1352,"date":"2026-08-14T02:49:04","date_gmt":"2026-08-14T06:49:04","guid":{"rendered":"https:\/\/brujulainformativadigital.lat\/?p=1352"},"modified":"2026-08-14T02:51:26","modified_gmt":"2026-08-14T06:51:26","slug":"fenajupv-bolivar-firme-con-el-compromiso-de-lucha-la-jubilacion-es-un-derecho-humano-y-no-una-concesion","status":"publish","type":"post","link":"https:\/\/brujulainformativadigital.lat\/?p=1352","title":{"rendered":"Fenajupv Bol\u00edvar firme con el compromiso de lucha: \u201cLa jubilaci\u00f3n es un derecho humano y no una concesi\u00f3n\u201d"},"content":{"rendered":"\n<p class=\"has-text-align-left has-small-font-size wp-block-paragraph\"><strong>La Federaci\u00f3n Nacional de Jubilados y Pensionados de Venezuela (Fenajupv) reafirma su presencia en el estado Bol\u00edvar, bajo la vocer\u00eda de Trino Basanta, para exigir pensiones dignas y el cumplimiento de sus derechos socioecon\u00f3micos. El gremio destaca su alcance e independencia pol\u00edtica, al tiempo que reclama la activaci\u00f3n de la Ley del Bono para Alimentos y Medicinas y la inclusi\u00f3n de sus representantes en las mesas de negociaci\u00f3n parlamentarias.<\/strong><\/p>\n\n\n\n<p class=\"wp-block-paragraph\"><strong>Redacci\u00f3n. &#8211;<\/strong><\/p>\n\n\n\n<p class=\"wp-block-paragraph\"><strong>Ciudad Bol\u00edvar. &#8211;<\/strong> Con m\u00e1s de cuatro d\u00e9cadas de trayectoria gremial en la defensa incondicional de la clase trabajadora en retiro, la Federaci\u00f3n Nacional de Jubilados y Pensionados de Venezuela (Fenajupv) ratifica su presencia y despliegue organizativo en el estado Bol\u00edvar para seguir exigiendo la reivindicaci\u00f3n de los derechos socioecon\u00f3micos consagrados en la Constituci\u00f3n de la Rep\u00fablica Bolivariana de Venezuela y en las leyes nacionales.<\/p>\n\n\n\n<p class=\"wp-block-paragraph\">As\u00ed lo dio a conocer Trino Basanta, delegado regional de la Fenajupv en el estado Bol\u00edvar, y adem\u00e1s secretario general municipal de ABP. Enfatiz\u00f3 que la organizaci\u00f3n se mantiene firme como la principal plataforma del sector pensionado <em>en el pa\u00eds.<\/em><\/p>\n\n\n<div class=\"wp-block-image\">\n<figure class=\"aligncenter size-large is-resized\"><img loading=\"lazy\" decoding=\"async\" width=\"888\" height=\"1024\" src=\"https:\/\/brujulainformativadigital.lat\/wp-content\/uploads\/2026\/08\/IMG-20250427-WA0040-888x1024.jpg\" alt=\"\" class=\"wp-image-1353\" style=\"aspect-ratio:0.8671946832706918;width:480px;height:auto\" srcset=\"https:\/\/brujulainformativadigital.lat\/wp-content\/uploads\/2026\/08\/IMG-20250427-WA0040-888x1024.jpg 888w, https:\/\/brujulainformativadigital.lat\/wp-content\/uploads\/2026\/08\/IMG-20250427-WA0040-260x300.jpg 260w, https:\/\/brujulainformativadigital.lat\/wp-content\/uploads\/2026\/08\/IMG-20250427-WA0040-768x885.jpg 768w, https:\/\/brujulainformativadigital.lat\/wp-content\/uploads\/2026\/08\/IMG-20250427-WA0040.jpg 1080w\" sizes=\"auto, (max-width: 888px) 100vw, 888px\" \/><figcaption class=\"wp-element-caption\"><strong>Trino Basanta, delegado regional de la Fenajupv en el estado Bol\u00edvar, durante sus declaraciones sobre la defensa de los derechos de jubilados y pensionados.<\/strong><\/figcaption><\/figure>\n<\/div>\n\n\n<p class=\"wp-block-paragraph\"><em>&nbsp;<strong>\u00abNuestra raz\u00f3n de ser ha sido agrupar a la mayor cantidad posible de asociaciones para defender, con una sola voz, los derechos que leg\u00edtimamente nos corresponden y que est\u00e1n amparados por acuerdos internacionales ratificados por Venezuela. La jubilaci\u00f3n no es una d\u00e1diva, es un derecho humano que debe garantizarse con dignidad\u00bb,<\/strong><\/em> asever\u00f3 Basanta.<\/p>\n\n\n\n<h2 class=\"wp-block-heading\">\u00a0Una estructura nacional e internacional fortalecida<\/h2>\n\n\n\n<p class=\"wp-block-paragraph\">La Fenajupv agrupa a m\u00e1s de 60 asociaciones que hacen vida activa en el \u00c1rea Metropolitana de Caracas, sumado a delegaciones estadales en los 24 estados del pa\u00eds y m\u00faltiples subdelegaciones municipales dirigidas por l\u00edderes comunitarios y gremiales de cada regi\u00f3n.<\/p>\n\n\n\n<p class=\"wp-block-paragraph\">El alcance de la federaci\u00f3n trasciende las fronteras venezolanas: actualmente cuenta con m\u00e1s de 23 asociaciones de pensionados en el exterior conformadas por la di\u00e1spora venezolana, as\u00ed como alianzas y articulaci\u00f3n directa con m\u00e1s de 34 agrupaciones internacionales de jubilados.<\/p>\n\n\n\n<p class=\"wp-block-paragraph\">A nivel central, la conducci\u00f3n nacional est\u00e1 encabezada por los dirigentes Emilio Lozada Y\u00e1nez (Presidente), Carmen Idrogo Maurera (Vicepresidenta) y Omar V\u00e1squez Lagonel (Secretario General), junto a un equipo multidisciplinario de representantes regionales.<\/p>\n\n\n\n<h2 class=\"wp-block-heading\">Compromiso gremial e independencia institucional<\/h2>\n\n\n\n<p class=\"wp-block-paragraph\">Basanta subray\u00f3 que la Fenajupv no act\u00faa bajo banderas proselitistas, aunque mantiene una postura firme en favor del bienestar ciudadano y la restituci\u00f3n institucional del pa\u00eds: <strong><em>\u00abNuestra bandera es la justicia social para los adultos mayores\u00bb.<\/em><\/strong><\/p>\n\n\n\n<p class=\"wp-block-paragraph\">En la regi\u00f3n bolivarense, el equipo directivo est\u00e1 conformado por:<\/p>\n\n\n\n<p class=\"wp-block-paragraph\"><strong>Trino Ismael Basanta:<\/strong> Delegado Principal Regional<\/p>\n\n\n\n<p class=\"wp-block-paragraph\"><strong>\u00c1ngel Rom\u00e1n:<\/strong> Subdelegado<\/p>\n\n\n\n<p class=\"wp-block-paragraph\"><strong>Mar\u00eda Fern\u00e1ndez:<\/strong> Secretaria<\/p>\n\n\n\n<p class=\"wp-block-paragraph\"><strong>Directivos:<\/strong> \u00c1ngel Lovera, Rub\u00e9n Fern\u00e1ndez y Luis Farrera.<\/p>\n\n\n\n<p class=\"wp-block-paragraph\"><strong>Cuerpo de Asesores:<\/strong> Licda. Yanitza Mart\u00ednez y el Economista Jos\u00e9 Luis Alcocer.<\/p>\n\n\n\n<h2 class=\"wp-block-heading\">Exigencia urgente: Ley del Bono para Alimentos y Medicinas<\/h2>\n\n\n\n<p class=\"wp-block-paragraph\">Entre las principales exigencias que la Fenajupv mantiene ante el Ejecutivo Nacional se encuentra la reactivaci\u00f3n e implementaci\u00f3n efectiva de la Ley del Bono para Alimentos y Medicinas, un instrumento legal aprobado en el a\u00f1o 2016 por la Asamblea Nacional.<\/p>\n\n\n\n<p class=\"wp-block-paragraph\">El gremio de jubilados e integrados de la Fenajupv en el estado Bol\u00edvar reiter\u00f3 el llamado a la unidad de todos los sectores laborales para mantener activa la lucha por pensiones dignas, indexadas y acordes con la canasta b\u00e1sica familiar.<\/p>\n\n\n\n<p class=\"wp-block-paragraph\">Basanta en representaci\u00f3n de la Fenajupv Bol\u00edvar, solicita <strong><em>\u201ca quienes dirigen la Mesa de Negociaciones, que los jubilados y pensionados seamos escuchados, que nuestras peticiones se tomen en cuenta por la Comisi\u00f3n de la Asamblea Nacional que dirige Dinorah Figuera, para que una representaci\u00f3n de Fenajupv sea incorporado en esa Comisi\u00f3n, como parte de la representaci\u00f3n del pueblo\u201d,<\/em><\/strong> destac\u00f3 al respecto.<\/p>\n\n\n<div class=\"wp-block-image\">\n<figure class=\"aligncenter size-large is-resized\"><img loading=\"lazy\" decoding=\"async\" width=\"1024\" height=\"683\" src=\"https:\/\/brujulainformativadigital.lat\/wp-content\/uploads\/2026\/08\/file_0000000079c0822f8aed80bb7b985273-1024x683.png\" alt=\"\" class=\"wp-image-1354\" style=\"aspect-ratio:1.4992888417882142;width:396px;height:auto\" srcset=\"https:\/\/brujulainformativadigital.lat\/wp-content\/uploads\/2026\/08\/file_0000000079c0822f8aed80bb7b985273-1024x683.png 1024w, https:\/\/brujulainformativadigital.lat\/wp-content\/uploads\/2026\/08\/file_0000000079c0822f8aed80bb7b985273-300x200.png 300w, https:\/\/brujulainformativadigital.lat\/wp-content\/uploads\/2026\/08\/file_0000000079c0822f8aed80bb7b985273-768x512.png 768w, https:\/\/brujulainformativadigital.lat\/wp-content\/uploads\/2026\/08\/file_0000000079c0822f8aed80bb7b985273.png 1536w\" sizes=\"auto, (max-width: 1024px) 100vw, 1024px\" \/><\/figure>\n<\/div>\n\n\n<p class=\"wp-block-paragraph\"><\/p>\n","protected":false},"excerpt":{"rendered":"<p>La Federaci\u00f3n Nacional de Jubilados y Pensionados de Venezuela (Fenajupv) reafirma su presencia en el estado Bol\u00edvar, bajo la vocer\u00eda de Trino Basanta, para exigir pensiones dignas y el cumplimiento de sus derechos socioecon\u00f3micos. El gremio destaca su alcance e independencia pol\u00edtica, al tiempo que reclama la activaci\u00f3n de la Ley del Bono para Alimentos [&hellip;]<\/p>\n","protected":false},"author":1,"featured_media":1353,"comment_status":"open","ping_status":"open","sticky":false,"template":"","format":"standard","meta":{"footnotes":""},"categories":[3,4],"tags":[64,693,696,692,697,695,694],"class_list":["post-1352","post","type-post","status-publish","format-standard","has-post-thumbnail","hentry","category-noticias","category-regionales","tag-bolivar","tag-compromiso","tag-derecho","tag-fenajupv","tag-humano","tag-jubilacion","tag-lucha"],"yoast_head":"<!-- This site is optimized with the Yoast SEO plugin v27.9 - https:\/\/yoast.com\/product\/yoast-seo-wordpress\/ -->\n<title>Fenajupv Bol\u00edvar firme con el compromiso de lucha: \u201cLa jubilaci\u00f3n es un derecho humano y no una concesi\u00f3n\u201d - Br\u00fajula Informativa Digital<\/title>\n<meta name=\"robots\" content=\"index, follow, max-snippet:-1, max-image-preview:large, max-video-preview:-1\" \/>\n<link rel=\"canonical\" href=\"https:\/\/brujulainformativadigital.lat\/?p=1352\" \/>\n<meta property=\"og:locale\" content=\"es_ES\" \/>\n<meta property=\"og:type\" content=\"article\" \/>\n<meta property=\"og:title\" content=\"Fenajupv Bol\u00edvar firme con el compromiso de lucha: \u201cLa jubilaci\u00f3n es un derecho humano y no una concesi\u00f3n\u201d - Br\u00fajula Informativa Digital\" \/>\n<meta property=\"og:description\" content=\"La Federaci\u00f3n Nacional de Jubilados y Pensionados de Venezuela (Fenajupv) reafirma su presencia en el estado Bol\u00edvar, bajo la vocer\u00eda de Trino Basanta, para exigir pensiones dignas y el cumplimiento de sus derechos socioecon\u00f3micos. El gremio destaca su alcance e independencia pol\u00edtica, al tiempo que reclama la activaci\u00f3n de la Ley del Bono para Alimentos [&hellip;]\" \/>\n<meta property=\"og:url\" content=\"https:\/\/brujulainformativadigital.lat\/?p=1352\" \/>\n<meta property=\"og:site_name\" content=\"Br\u00fajula Informativa Digital\" \/>\n<meta property=\"article:publisher\" content=\"https:\/\/www.facebook.com\/p\/Brjula-Informativa-Digital-100085876965234\/\" \/>\n<meta property=\"article:published_time\" content=\"2026-08-14T06:49:04+00:00\" \/>\n<meta property=\"article:modified_time\" content=\"2026-08-14T06:51:26+00:00\" \/>\n<meta property=\"og:image\" content=\"https:\/\/brujulainformativadigital.lat\/wp-content\/uploads\/2026\/08\/IMG-20250427-WA0040.jpg\" \/>\n\t<meta property=\"og:image:width\" content=\"1080\" \/>\n\t<meta property=\"og:image:height\" content=\"1245\" \/>\n\t<meta property=\"og:image:type\" content=\"image\/jpeg\" \/>\n<meta name=\"author\" content=\"brujula1\" \/>\n<meta name=\"twitter:card\" content=\"summary_large_image\" \/>\n<meta name=\"twitter:label1\" content=\"Escrito por\" \/>\n\t<meta name=\"twitter:data1\" content=\"brujula1\" \/>\n\t<meta name=\"twitter:label2\" content=\"Tiempo estimado de lectura\" \/>\n\t<meta name=\"twitter:data2\" content=\"4 minutos\" \/>\n<script type=\"application\/ld+json\" class=\"yoast-schema-graph\">{\"@context\":\"https:\\\/\\\/schema.org\",\"@graph\":[{\"@type\":\"Article\",\"@id\":\"https:\\\/\\\/brujulainformativadigital.lat\\\/?p=1352#article\",\"isPartOf\":{\"@id\":\"https:\\\/\\\/brujulainformativadigital.lat\\\/?p=1352\"},\"author\":{\"name\":\"brujula1\",\"@id\":\"https:\\\/\\\/brujulainformativadigital.lat\\\/#\\\/schema\\\/person\\\/51cc34dd75e270eec12558bb60900d2b\"},\"headline\":\"Fenajupv Bol\u00edvar firme con el compromiso de lucha: \u201cLa jubilaci\u00f3n es un derecho humano y no una concesi\u00f3n\u201d\",\"datePublished\":\"2026-08-14T06:49:04+00:00\",\"dateModified\":\"2026-08-14T06:51:26+00:00\",\"mainEntityOfPage\":{\"@id\":\"https:\\\/\\\/brujulainformativadigital.lat\\\/?p=1352\"},\"wordCount\":685,\"commentCount\":0,\"publisher\":{\"@id\":\"https:\\\/\\\/brujulainformativadigital.lat\\\/#organization\"},\"image\":{\"@id\":\"https:\\\/\\\/brujulainformativadigital.lat\\\/?p=1352#primaryimage\"},\"thumbnailUrl\":\"https:\\\/\\\/brujulainformativadigital.lat\\\/wp-content\\\/uploads\\\/2026\\\/08\\\/IMG-20250427-WA0040.jpg\",\"keywords\":[\"Bol\u00edvar\",\"compromiso\",\"derecho\",\"Fenajupv\",\"humano\",\"jubilaci\u00f3n\",\"lucha\"],\"articleSection\":[\"Noticias\",\"Regionales\"],\"inLanguage\":\"es\",\"potentialAction\":[{\"@type\":\"CommentAction\",\"name\":\"Comment\",\"target\":[\"https:\\\/\\\/brujulainformativadigital.lat\\\/?p=1352#respond\"]}]},{\"@type\":\"WebPage\",\"@id\":\"https:\\\/\\\/brujulainformativadigital.lat\\\/?p=1352\",\"url\":\"https:\\\/\\\/brujulainformativadigital.lat\\\/?p=1352\",\"name\":\"Fenajupv Bol\u00edvar firme con el compromiso de lucha: \u201cLa jubilaci\u00f3n es un derecho humano y no una concesi\u00f3n\u201d - Br\u00fajula Informativa Digital\",\"isPartOf\":{\"@id\":\"https:\\\/\\\/brujulainformativadigital.lat\\\/#website\"},\"primaryImageOfPage\":{\"@id\":\"https:\\\/\\\/brujulainformativadigital.lat\\\/?p=1352#primaryimage\"},\"image\":{\"@id\":\"https:\\\/\\\/brujulainformativadigital.lat\\\/?p=1352#primaryimage\"},\"thumbnailUrl\":\"https:\\\/\\\/brujulainformativadigital.lat\\\/wp-content\\\/uploads\\\/2026\\\/08\\\/IMG-20250427-WA0040.jpg\",\"datePublished\":\"2026-08-14T06:49:04+00:00\",\"dateModified\":\"2026-08-14T06:51:26+00:00\",\"breadcrumb\":{\"@id\":\"https:\\\/\\\/brujulainformativadigital.lat\\\/?p=1352#breadcrumb\"},\"inLanguage\":\"es\",\"potentialAction\":[{\"@type\":\"ReadAction\",\"target\":[\"https:\\\/\\\/brujulainformativadigital.lat\\\/?p=1352\"]}]},{\"@type\":\"ImageObject\",\"inLanguage\":\"es\",\"@id\":\"https:\\\/\\\/brujulainformativadigital.lat\\\/?p=1352#primaryimage\",\"url\":\"https:\\\/\\\/brujulainformativadigital.lat\\\/wp-content\\\/uploads\\\/2026\\\/08\\\/IMG-20250427-WA0040.jpg\",\"contentUrl\":\"https:\\\/\\\/brujulainformativadigital.lat\\\/wp-content\\\/uploads\\\/2026\\\/08\\\/IMG-20250427-WA0040.jpg\",\"width\":1080,\"height\":1245},{\"@type\":\"BreadcrumbList\",\"@id\":\"https:\\\/\\\/brujulainformativadigital.lat\\\/?p=1352#breadcrumb\",\"itemListElement\":[{\"@type\":\"ListItem\",\"position\":1,\"name\":\"Portada\",\"item\":\"https:\\\/\\\/brujulainformativadigital.lat\\\/\"},{\"@type\":\"ListItem\",\"position\":2,\"name\":\"Fenajupv Bol\u00edvar firme con el compromiso de lucha: \u201cLa jubilaci\u00f3n es un derecho humano y no una concesi\u00f3n\u201d\"}]},{\"@type\":\"WebSite\",\"@id\":\"https:\\\/\\\/brujulainformativadigital.lat\\\/#website\",\"url\":\"https:\\\/\\\/brujulainformativadigital.lat\\\/\",\"name\":\"Br\u00fajula Informativa Digital\",\"description\":\"Haciendo un nuevo periodismo\",\"publisher\":{\"@id\":\"https:\\\/\\\/brujulainformativadigital.lat\\\/#organization\"},\"potentialAction\":[{\"@type\":\"SearchAction\",\"target\":{\"@type\":\"EntryPoint\",\"urlTemplate\":\"https:\\\/\\\/brujulainformativadigital.lat\\\/?s={search_term_string}\"},\"query-input\":{\"@type\":\"PropertyValueSpecification\",\"valueRequired\":true,\"valueName\":\"search_term_string\"}}],\"inLanguage\":\"es\"},{\"@type\":\"Organization\",\"@id\":\"https:\\\/\\\/brujulainformativadigital.lat\\\/#organization\",\"name\":\"Br\u00fajula Informativa Digital\",\"url\":\"https:\\\/\\\/brujulainformativadigital.lat\\\/\",\"logo\":{\"@type\":\"ImageObject\",\"inLanguage\":\"es\",\"@id\":\"https:\\\/\\\/brujulainformativadigital.lat\\\/#\\\/schema\\\/logo\\\/image\\\/\",\"url\":\"https:\\\/\\\/brujulainformativadigital.lat\\\/wp-content\\\/uploads\\\/2026\\\/07\\\/cropped-cropped-cropped-cropped-BackgroundEraser_20260724_021843796-2.png\",\"contentUrl\":\"https:\\\/\\\/brujulainformativadigital.lat\\\/wp-content\\\/uploads\\\/2026\\\/07\\\/cropped-cropped-cropped-cropped-BackgroundEraser_20260724_021843796-2.png\",\"width\":1894,\"height\":1896,\"caption\":\"Br\u00fajula Informativa Digital\"},\"image\":{\"@id\":\"https:\\\/\\\/brujulainformativadigital.lat\\\/#\\\/schema\\\/logo\\\/image\\\/\"},\"sameAs\":[\"https:\\\/\\\/www.facebook.com\\\/p\\\/Brjula-Informativa-Digital-100085876965234\\\/\",\"https:\\\/\\\/www.instagram.com\\\/brujulainformativadigital\\\/\"]},{\"@type\":\"Person\",\"@id\":\"https:\\\/\\\/brujulainformativadigital.lat\\\/#\\\/schema\\\/person\\\/51cc34dd75e270eec12558bb60900d2b\",\"name\":\"brujula1\",\"image\":{\"@type\":\"ImageObject\",\"inLanguage\":\"es\",\"@id\":\"https:\\\/\\\/secure.gravatar.com\\\/avatar\\\/7e5c45ac46bcd78760a935e9ae7f3df83da35ffae9cbccfbee5a9c3137b68312?s=96&d=mm&r=g\",\"url\":\"https:\\\/\\\/secure.gravatar.com\\\/avatar\\\/7e5c45ac46bcd78760a935e9ae7f3df83da35ffae9cbccfbee5a9c3137b68312?s=96&d=mm&r=g\",\"contentUrl\":\"https:\\\/\\\/secure.gravatar.com\\\/avatar\\\/7e5c45ac46bcd78760a935e9ae7f3df83da35ffae9cbccfbee5a9c3137b68312?s=96&d=mm&r=g\",\"caption\":\"brujula1\"},\"sameAs\":[\"https:\\\/\\\/brujulainformativadigital.lat\"],\"url\":\"https:\\\/\\\/brujulainformativadigital.lat\\\/?author=1\"}]}<\/script>\n<!-- \/ Yoast SEO plugin. -->","yoast_head_json":{"title":"Fenajupv Bol\u00edvar firme con el compromiso de lucha: \u201cLa jubilaci\u00f3n es un derecho humano y no una concesi\u00f3n\u201d - Br\u00fajula Informativa Digital","robots":{"index":"index","follow":"follow","max-snippet":"max-snippet:-1","max-image-preview":"max-image-preview:large","max-video-preview":"max-video-preview:-1"},"canonical":"https:\/\/brujulainformativadigital.lat\/?p=1352","og_locale":"es_ES","og_type":"article","og_title":"Fenajupv Bol\u00edvar firme con el compromiso de lucha: \u201cLa jubilaci\u00f3n es un derecho humano y no una concesi\u00f3n\u201d - Br\u00fajula Informativa Digital","og_description":"La Federaci\u00f3n Nacional de Jubilados y Pensionados de Venezuela (Fenajupv) reafirma su presencia en el estado Bol\u00edvar, bajo la vocer\u00eda de Trino Basanta, para exigir pensiones dignas y el cumplimiento de sus derechos socioecon\u00f3micos. El gremio destaca su alcance e independencia pol\u00edtica, al tiempo que reclama la activaci\u00f3n de la Ley del Bono para Alimentos [&hellip;]","og_url":"https:\/\/brujulainformativadigital.lat\/?p=1352","og_site_name":"Br\u00fajula Informativa Digital","article_publisher":"https:\/\/www.facebook.com\/p\/Brjula-Informativa-Digital-100085876965234\/","article_published_time":"2026-08-14T06:49:04+00:00","article_modified_time":"2026-08-14T06:51:26+00:00","og_image":[{"width":1080,"height":1245,"url":"https:\/\/brujulainformativadigital.lat\/wp-content\/uploads\/2026\/08\/IMG-20250427-WA0040.jpg","type":"image\/jpeg"}],"author":"brujula1","twitter_card":"summary_large_image","twitter_misc":{"Escrito por":"brujula1","Tiempo estimado de lectura":"4 minutos"},"schema":{"@context":"https:\/\/schema.org","@graph":[{"@type":"Article","@id":"https:\/\/brujulainformativadigital.lat\/?p=1352#article","isPartOf":{"@id":"https:\/\/brujulainformativadigital.lat\/?p=1352"},"author":{"name":"brujula1","@id":"https:\/\/brujulainformativadigital.lat\/#\/schema\/person\/51cc34dd75e270eec12558bb60900d2b"},"headline":"Fenajupv Bol\u00edvar firme con el compromiso de lucha: \u201cLa jubilaci\u00f3n es un derecho humano y no una concesi\u00f3n\u201d","datePublished":"2026-08-14T06:49:04+00:00","dateModified":"2026-08-14T06:51:26+00:00","mainEntityOfPage":{"@id":"https:\/\/brujulainformativadigital.lat\/?p=1352"},"wordCount":685,"commentCount":0,"publisher":{"@id":"https:\/\/brujulainformativadigital.lat\/#organization"},"image":{"@id":"https:\/\/brujulainformativadigital.lat\/?p=1352#primaryimage"},"thumbnailUrl":"https:\/\/brujulainformativadigital.lat\/wp-content\/uploads\/2026\/08\/IMG-20250427-WA0040.jpg","keywords":["Bol\u00edvar","compromiso","derecho","Fenajupv","humano","jubilaci\u00f3n","lucha"],"articleSection":["Noticias","Regionales"],"inLanguage":"es","potentialAction":[{"@type":"CommentAction","name":"Comment","target":["https:\/\/brujulainformativadigital.lat\/?p=1352#respond"]}]},{"@type":"WebPage","@id":"https:\/\/brujulainformativadigital.lat\/?p=1352","url":"https:\/\/brujulainformativadigital.lat\/?p=1352","name":"Fenajupv Bol\u00edvar firme con el compromiso de lucha: \u201cLa jubilaci\u00f3n es un derecho humano y no una concesi\u00f3n\u201d - Br\u00fajula Informativa Digital","isPartOf":{"@id":"https:\/\/brujulainformativadigital.lat\/#website"},"primaryImageOfPage":{"@id":"https:\/\/brujulainformativadigital.lat\/?p=1352#primaryimage"},"image":{"@id":"https:\/\/brujulainformativadigital.lat\/?p=1352#primaryimage"},"thumbnailUrl":"https:\/\/brujulainformativadigital.lat\/wp-content\/uploads\/2026\/08\/IMG-20250427-WA0040.jpg","datePublished":"2026-08-14T06:49:04+00:00","dateModified":"2026-08-14T06:51:26+00:00","breadcrumb":{"@id":"https:\/\/brujulainformativadigital.lat\/?p=1352#breadcrumb"},"inLanguage":"es","potentialAction":[{"@type":"ReadAction","target":["https:\/\/brujulainformativadigital.lat\/?p=1352"]}]},{"@type":"ImageObject","inLanguage":"es","@id":"https:\/\/brujulainformativadigital.lat\/?p=1352#primaryimage","url":"https:\/\/brujulainformativadigital.lat\/wp-content\/uploads\/2026\/08\/IMG-20250427-WA0040.jpg","contentUrl":"https:\/\/brujulainformativadigital.lat\/wp-content\/uploads\/2026\/08\/IMG-20250427-WA0040.jpg","width":1080,"height":1245},{"@type":"BreadcrumbList","@id":"https:\/\/brujulainformativadigital.lat\/?p=1352#breadcrumb","itemListElement":[{"@type":"ListItem","position":1,"name":"Portada","item":"https:\/\/brujulainformativadigital.lat\/"},{"@type":"ListItem","position":2,"name":"Fenajupv Bol\u00edvar firme con el compromiso de lucha: \u201cLa jubilaci\u00f3n es un derecho humano y no una concesi\u00f3n\u201d"}]},{"@type":"WebSite","@id":"https:\/\/brujulainformativadigital.lat\/#website","url":"https:\/\/brujulainformativadigital.lat\/","name":"Br\u00fajula Informativa Digital","description":"Haciendo un nuevo periodismo","publisher":{"@id":"https:\/\/brujulainformativadigital.lat\/#organization"},"potentialAction":[{"@type":"SearchAction","target":{"@type":"EntryPoint","urlTemplate":"https:\/\/brujulainformativadigital.lat\/?s={search_term_string}"},"query-input":{"@type":"PropertyValueSpecification","valueRequired":true,"valueName":"search_term_string"}}],"inLanguage":"es"},{"@type":"Organization","@id":"https:\/\/brujulainformativadigital.lat\/#organization","name":"Br\u00fajula Informativa Digital","url":"https:\/\/brujulainformativadigital.lat\/","logo":{"@type":"ImageObject","inLanguage":"es","@id":"https:\/\/brujulainformativadigital.lat\/#\/schema\/logo\/image\/","url":"https:\/\/brujulainformativadigital.lat\/wp-content\/uploads\/2026\/07\/cropped-cropped-cropped-cropped-BackgroundEraser_20260724_021843796-2.png","contentUrl":"https:\/\/brujulainformativadigital.lat\/wp-content\/uploads\/2026\/07\/cropped-cropped-cropped-cropped-BackgroundEraser_20260724_021843796-2.png","width":1894,"height":1896,"caption":"Br\u00fajula Informativa Digital"},"image":{"@id":"https:\/\/brujulainformativadigital.lat\/#\/schema\/logo\/image\/"},"sameAs":["https:\/\/www.facebook.com\/p\/Brjula-Informativa-Digital-100085876965234\/","https:\/\/www.instagram.com\/brujulainformativadigital\/"]},{"@type":"Person","@id":"https:\/\/brujulainformativadigital.lat\/#\/schema\/person\/51cc34dd75e270eec12558bb60900d2b","name":"brujula1","image":{"@type":"ImageObject","inLanguage":"es","@id":"https:\/\/secure.gravatar.com\/avatar\/7e5c45ac46bcd78760a935e9ae7f3df83da35ffae9cbccfbee5a9c3137b68312?s=96&d=mm&r=g","url":"https:\/\/secure.gravatar.com\/avatar\/7e5c45ac46bcd78760a935e9ae7f3df83da35ffae9cbccfbee5a9c3137b68312?s=96&d=mm&r=g","contentUrl":"https:\/\/secure.gravatar.com\/avatar\/7e5c45ac46bcd78760a935e9ae7f3df83da35ffae9cbccfbee5a9c3137b68312?s=96&d=mm&r=g","caption":"brujula1"},"sameAs":["https:\/\/brujulainformativadigital.lat"],"url":"https:\/\/brujulainformativadigital.lat\/?author=1"}]}},"_links":{"self":[{"href":"https:\/\/brujulainformativadigital.lat\/index.php?rest_route=\/wp\/v2\/posts\/1352","targetHints":{"allow":["GET"]}}],"collection":[{"href":"https:\/\/brujulainformativadigital.lat\/index.php?rest_route=\/wp\/v2\/posts"}],"about":[{"href":"https:\/\/brujulainformativadigital.lat\/index.php?rest_route=\/wp\/v2\/types\/post"}],"author":[{"embeddable":true,"href":"https:\/\/brujulainformativadigital.lat\/index.php?rest_route=\/wp\/v2\/users\/1"}],"replies":[{"embeddable":true,"href":"https:\/\/brujulainformativadigital.lat\/index.php?rest_route=%2Fwp%2Fv2%2Fcomments&post=1352"}],"version-history":[{"count":2,"href":"https:\/\/brujulainformativadigital.lat\/index.php?rest_route=\/wp\/v2\/posts\/1352\/revisions"}],"predecessor-version":[{"id":1357,"href":"https:\/\/brujulainformativadigital.lat\/index.php?rest_route=\/wp\/v2\/posts\/1352\/revisions\/1357"}],"wp:featuredmedia":[{"embeddable":true,"href":"https:\/\/brujulainformativadigital.lat\/index.php?rest_route=\/wp\/v2\/media\/1353"}],"wp:attachment":[{"href":"https:\/\/brujulainformativadigital.lat\/index.php?rest_route=%2Fwp%2Fv2%2Fmedia&parent=1352"}],"wp:term":[{"taxonomy":"category","embeddable":true,"href":"https:\/\/brujulainformativadigital.lat\/index.php?rest_route=%2Fwp%2Fv2%2Fcategories&post=1352"},{"taxonomy":"post_tag","embeddable":true,"href":"https:\/\/brujulainformativadigital.lat\/index.php?rest_route=%2Fwp%2Fv2%2Ftags&post=1352"}],"curies":[{"name":"wp","href":"https:\/\/api.w.org\/{rel}","templated":true}]}}