{"id":1377,"date":"2026-08-18T02:41:50","date_gmt":"2026-08-18T06:41:50","guid":{"rendered":"https:\/\/brujulainformativadigital.lat\/?p=1377"},"modified":"2026-08-18T02:44:24","modified_gmt":"2026-08-18T06:44:24","slug":"fundapetrol-certifico-a-22-profesionales-y-tecnicos-en-seguridad-industrial-e-higiene-ocupacional-en-anaco","status":"publish","type":"post","link":"https:\/\/brujulainformativadigital.lat\/?p=1377","title":{"rendered":"FUNDAPETROL certific\u00f3 a 22 profesionales y t\u00e9cnicos en Seguridad Industrial e Higiene Ocupacional en Anaco"},"content":{"rendered":"\n<p class=\"has-medium-font-size wp-block-paragraph\"><strong>\u27bd <em>La capacitaci\u00f3n, desarrollada durante 40 horas acad\u00e9micas, estuvo orientada al fortalecimiento de las competencias profesionales ante las nuevas oportunidades que puedan generarse con la recuperaci\u00f3n de la actividad petrolera nacional.<\/em><\/strong><\/p>\n\n\n\n<p class=\"has-medium-font-size wp-block-paragraph\"><strong>Yhonny Rodriguez | CNP 25.976<\/strong><\/p>\n\n\n\n<p class=\"has-medium-font-size wp-block-paragraph\"><strong>Anaco, Anzo\u00e1tegui.\u2013<\/strong> Un total de 22 ingenieros y t\u00e9cnicos culminaron satisfactoriamente el curso de Seguridad Industrial e Higiene Ocupacional, M\u00f3dulo C Supervisorio, impartido por la Fundaci\u00f3n de Capacitaci\u00f3n Laboral Petrolera <strong>(FUNDAPETROL),<\/strong> en su sede ubicada en Anaco, zona centro del estado Anzo\u00e1tegui.<\/p>\n\n\n<div class=\"wp-block-image\">\n<figure class=\"aligncenter size-large\"><img loading=\"lazy\" decoding=\"async\" width=\"1024\" height=\"514\" src=\"https:\/\/brujulainformativadigital.lat\/wp-content\/uploads\/2026\/08\/WhatsApp-Image-2026-08-16-at-21.40.17-1024x514.jpeg\" alt=\"\" class=\"wp-image-1378\" srcset=\"https:\/\/brujulainformativadigital.lat\/wp-content\/uploads\/2026\/08\/WhatsApp-Image-2026-08-16-at-21.40.17-1024x514.jpeg 1024w, https:\/\/brujulainformativadigital.lat\/wp-content\/uploads\/2026\/08\/WhatsApp-Image-2026-08-16-at-21.40.17-300x150.jpeg 300w, https:\/\/brujulainformativadigital.lat\/wp-content\/uploads\/2026\/08\/WhatsApp-Image-2026-08-16-at-21.40.17-768x385.jpeg 768w, https:\/\/brujulainformativadigital.lat\/wp-content\/uploads\/2026\/08\/WhatsApp-Image-2026-08-16-at-21.40.17.jpeg 1280w\" sizes=\"auto, (max-width: 1024px) 100vw, 1024px\" \/><\/figure>\n<\/div>\n\n\n<p class=\"has-medium-font-size wp-block-paragraph\">La actividad de certificaci\u00f3n se llev\u00f3 a cabo el pasado s\u00e1bado 15 de agosto, en un acto encabezado por el presidente de <strong>FUNDAPETROL,<\/strong> Mois\u00e9s Aray, quien entreg\u00f3 personalmente las certificaciones a los profesionales que completaron las 40 horas de capacitaci\u00f3n establecidas dentro del programa formativo.<\/p>\n\n\n\n<p class=\"has-medium-font-size wp-block-paragraph\">El proceso de formaci\u00f3n estuvo a cargo de la ingeniera Mar\u00eda Trujillo, profesional con amplia experiencia en el \u00e1rea, quien tuvo la responsabilidad de preparar a los participantes en conocimientos y herramientas vinculadas con la seguridad industrial y la higiene ocupacional, elementos fundamentales para el desempe\u00f1o responsable dentro de instalaciones y operaciones industriales.<\/p>\n\n\n\n<p class=\"has-medium-font-size wp-block-paragraph\">Durante la jornada, Aray destac\u00f3 la importancia de continuar fortaleciendo la preparaci\u00f3n t\u00e9cnica y profesional de quienes aspiran a incorporarse al sector petrolero, particularmente ante las expectativas relacionadas con la recuperaci\u00f3n y reactivaci\u00f3n de la industria en la Faja Petrol\u00edfera del Orinoco.<\/p>\n\n\n\n<p class=\"has-medium-font-size wp-block-paragraph\">En este sentido, se\u00f1al\u00f3 que <strong>FUNDAPETROL<\/strong> viene trabajando en la formaci\u00f3n y certificaci\u00f3n de talento humano, con el prop\u00f3sito de contar con una base de profesionales capacitados que puedan responder a las necesidades de las empresas que requieran personal calificado, as\u00ed como oportunidades de pasant\u00edas y futuras incorporaciones laborales.<\/p>\n\n\n\n<figure class=\"wp-block-gallery has-nested-images columns-default is-cropped wp-block-gallery-1 is-layout-flex wp-block-gallery-is-layout-flex\">\n<figure class=\"wp-block-image size-large\"><img loading=\"lazy\" decoding=\"async\" width=\"653\" height=\"1024\" data-id=\"1382\" src=\"https:\/\/brujulainformativadigital.lat\/wp-content\/uploads\/2026\/08\/WhatsApp-Image-2026-08-16-at-21.40.19-1-653x1024.jpeg\" alt=\"\" class=\"wp-image-1382\" srcset=\"https:\/\/brujulainformativadigital.lat\/wp-content\/uploads\/2026\/08\/WhatsApp-Image-2026-08-16-at-21.40.19-1-653x1024.jpeg 653w, https:\/\/brujulainformativadigital.lat\/wp-content\/uploads\/2026\/08\/WhatsApp-Image-2026-08-16-at-21.40.19-1-191x300.jpeg 191w, https:\/\/brujulainformativadigital.lat\/wp-content\/uploads\/2026\/08\/WhatsApp-Image-2026-08-16-at-21.40.19-1.jpeg 691w\" sizes=\"auto, (max-width: 653px) 100vw, 653px\" \/><\/figure>\n\n\n\n<figure class=\"wp-block-image size-large\"><img loading=\"lazy\" decoding=\"async\" width=\"666\" height=\"1024\" data-id=\"1379\" src=\"https:\/\/brujulainformativadigital.lat\/wp-content\/uploads\/2026\/08\/WhatsApp-Image-2026-08-16-at-21.40.20-666x1024.jpeg\" alt=\"\" class=\"wp-image-1379\" srcset=\"https:\/\/brujulainformativadigital.lat\/wp-content\/uploads\/2026\/08\/WhatsApp-Image-2026-08-16-at-21.40.20-666x1024.jpeg 666w, https:\/\/brujulainformativadigital.lat\/wp-content\/uploads\/2026\/08\/WhatsApp-Image-2026-08-16-at-21.40.20-195x300.jpeg 195w, https:\/\/brujulainformativadigital.lat\/wp-content\/uploads\/2026\/08\/WhatsApp-Image-2026-08-16-at-21.40.20.jpeg 695w\" sizes=\"auto, (max-width: 666px) 100vw, 666px\" \/><\/figure>\n\n\n\n<figure class=\"wp-block-image size-large\"><img loading=\"lazy\" decoding=\"async\" width=\"625\" height=\"1024\" data-id=\"1383\" src=\"https:\/\/brujulainformativadigital.lat\/wp-content\/uploads\/2026\/08\/WhatsApp-Image-2026-08-16-at-21.40.19-2-625x1024.jpeg\" alt=\"\" class=\"wp-image-1383\" srcset=\"https:\/\/brujulainformativadigital.lat\/wp-content\/uploads\/2026\/08\/WhatsApp-Image-2026-08-16-at-21.40.19-2-625x1024.jpeg 625w, https:\/\/brujulainformativadigital.lat\/wp-content\/uploads\/2026\/08\/WhatsApp-Image-2026-08-16-at-21.40.19-2-183x300.jpeg 183w, https:\/\/brujulainformativadigital.lat\/wp-content\/uploads\/2026\/08\/WhatsApp-Image-2026-08-16-at-21.40.19-2.jpeg 630w\" sizes=\"auto, (max-width: 625px) 100vw, 625px\" \/><\/figure>\n\n\n\n<figure class=\"wp-block-image size-large\"><img loading=\"lazy\" decoding=\"async\" width=\"650\" height=\"986\" data-id=\"1380\" src=\"https:\/\/brujulainformativadigital.lat\/wp-content\/uploads\/2026\/08\/WhatsApp-Image-2026-08-16-at-21.40.19.jpeg\" alt=\"\" class=\"wp-image-1380\" srcset=\"https:\/\/brujulainformativadigital.lat\/wp-content\/uploads\/2026\/08\/WhatsApp-Image-2026-08-16-at-21.40.19.jpeg 650w, https:\/\/brujulainformativadigital.lat\/wp-content\/uploads\/2026\/08\/WhatsApp-Image-2026-08-16-at-21.40.19-198x300.jpeg 198w\" sizes=\"auto, (max-width: 650px) 100vw, 650px\" \/><\/figure>\n\n\n\n<figure class=\"wp-block-image size-large\"><img loading=\"lazy\" decoding=\"async\" width=\"689\" height=\"1024\" data-id=\"1381\" src=\"https:\/\/brujulainformativadigital.lat\/wp-content\/uploads\/2026\/08\/WhatsApp-Image-2026-08-16-at-21.40.18-689x1024.jpeg\" alt=\"\" class=\"wp-image-1381\" srcset=\"https:\/\/brujulainformativadigital.lat\/wp-content\/uploads\/2026\/08\/WhatsApp-Image-2026-08-16-at-21.40.18-689x1024.jpeg 689w, https:\/\/brujulainformativadigital.lat\/wp-content\/uploads\/2026\/08\/WhatsApp-Image-2026-08-16-at-21.40.18-202x300.jpeg 202w, https:\/\/brujulainformativadigital.lat\/wp-content\/uploads\/2026\/08\/WhatsApp-Image-2026-08-16-at-21.40.18.jpeg 697w\" sizes=\"auto, (max-width: 689px) 100vw, 689px\" \/><\/figure>\n\n\n\n<figure class=\"wp-block-image size-large\"><img loading=\"lazy\" decoding=\"async\" width=\"720\" height=\"1017\" data-id=\"1384\" src=\"https:\/\/brujulainformativadigital.lat\/wp-content\/uploads\/2026\/08\/WhatsApp-Image-2026-08-16-at-21.40.18-1.jpeg\" alt=\"\" class=\"wp-image-1384\" srcset=\"https:\/\/brujulainformativadigital.lat\/wp-content\/uploads\/2026\/08\/WhatsApp-Image-2026-08-16-at-21.40.18-1.jpeg 720w, https:\/\/brujulainformativadigital.lat\/wp-content\/uploads\/2026\/08\/WhatsApp-Image-2026-08-16-at-21.40.18-1-212x300.jpeg 212w\" sizes=\"auto, (max-width: 720px) 100vw, 720px\" \/><\/figure>\n<\/figure>\n\n\n\n<h2 class=\"wp-block-heading\">&nbsp;FUNDAPETROL ampl\u00eda su programa de certificaciones<\/h2>\n\n\n\n<p class=\"has-medium-font-size wp-block-paragraph\">Mois\u00e9s Aray inform\u00f3 que durante esta semana est\u00e1 previsto el inicio de la tercera cohorte de los cursos de certificaci\u00f3n que desarrolla <strong>FUNDAPETROL<\/strong> en diferentes puntos del pa\u00eds.<\/p>\n\n\n\n<p class=\"has-medium-font-size wp-block-paragraph\">Precis\u00f3 que las actividades formativas estar\u00e1n disponibles en las sedes de <strong>Anaco, Cantaura, El Tigre, Pariagu\u00e1n y Ciudad Bol\u00edvar,<\/strong> mientras que pr\u00f3ximamente se prev\u00e9 la apertura de actividades en San Diego de Cabrutica, Barcelona y Valencia, estado Carabobo.<\/p>\n\n\n\n<p class=\"has-medium-font-size wp-block-paragraph\">El presidente de <strong>FUNDAPETROL<\/strong> resalt\u00f3 que la organizaci\u00f3n ya dispone de una data de profesionales certificados en diferentes \u00e1reas de formaci\u00f3n, la cual puede ser puesta a disposici\u00f3n de empresas petroleras que requieran pasantes o personal capacitado para sus operaciones.<\/p>\n\n\n\n<p class=\"has-medium-font-size wp-block-paragraph\">La iniciativa busca, de esta manera, contribuir con la preparaci\u00f3n del recurso humano y generar mayores oportunidades para ingenieros, t\u00e9cnicos y otros profesionales vinculados directa o indirectamente con el sector energ\u00e9tico.<\/p>\n\n\n\n<p class=\"has-medium-font-size wp-block-paragraph\">Los interesados en conocer los cursos de certificaci\u00f3n, fechas, sedes y requisitos pueden solicitar informaci\u00f3n a trav\u00e9s del n\u00famero de <strong><mark style=\"background-color:rgba(0, 0, 0, 0);color:#c00c0c\" class=\"has-inline-color\">WhatsApp 0424-8945506.<\/mark><\/strong><\/p>\n\n\n\n<p class=\"has-medium-font-size wp-block-paragraph\">Con estas acciones, <strong>FUNDAPETROL<\/strong> reafirma su apuesta por la capacitaci\u00f3n y actualizaci\u00f3n del talento humano, como parte de los esfuerzos dirigidos a preparar profesionales y t\u00e9cnicos ante los retos y oportunidades que puedan surgir en el proceso de recuperaci\u00f3n de la industria petrolera venezolana.<\/p>\n\n\n\n<p class=\"wp-block-paragraph\"><\/p>\n\n\n\n<p class=\"wp-block-paragraph\"><\/p>\n","protected":false},"excerpt":{"rendered":"<p>\u27bd La capacitaci\u00f3n, desarrollada durante 40 horas acad\u00e9micas, estuvo orientada al fortalecimiento de las competencias profesionales ante las nuevas oportunidades que puedan generarse con la recuperaci\u00f3n de la actividad petrolera nacional. Yhonny Rodriguez | CNP 25.976 Anaco, Anzo\u00e1tegui.\u2013 Un total de 22 ingenieros y t\u00e9cnicos culminaron satisfactoriamente el curso de Seguridad Industrial e Higiene Ocupacional, [&hellip;]<\/p>\n","protected":false},"author":1,"featured_media":1378,"comment_status":"open","ping_status":"open","sticky":false,"template":"","format":"standard","meta":{"footnotes":""},"categories":[3,4],"tags":[711,714,556,514,713,712],"class_list":["post-1377","post","type-post","status-publish","format-standard","has-post-thumbnail","hentry","category-noticias","category-regionales","tag-22-profesionales-y-tecnicos","tag-anaco","tag-certifico","tag-fundapetrol","tag-higiene-ocupacional","tag-seguridad-industrial"],"yoast_head":"<!-- This site is optimized with the Yoast SEO plugin v27.9 - https:\/\/yoast.com\/product\/yoast-seo-wordpress\/ -->\n<title>FUNDAPETROL certific\u00f3 a 22 profesionales y t\u00e9cnicos en Seguridad Industrial e Higiene Ocupacional en Anaco - Br\u00fajula Informativa Digital<\/title>\n<meta name=\"robots\" content=\"index, follow, max-snippet:-1, max-image-preview:large, max-video-preview:-1\" \/>\n<link rel=\"canonical\" href=\"https:\/\/brujulainformativadigital.lat\/?p=1377\" \/>\n<meta property=\"og:locale\" content=\"es_ES\" \/>\n<meta property=\"og:type\" content=\"article\" \/>\n<meta property=\"og:title\" content=\"FUNDAPETROL certific\u00f3 a 22 profesionales y t\u00e9cnicos en Seguridad Industrial e Higiene Ocupacional en Anaco - Br\u00fajula Informativa Digital\" \/>\n<meta property=\"og:description\" content=\"\u27bd La capacitaci\u00f3n, desarrollada durante 40 horas acad\u00e9micas, estuvo orientada al fortalecimiento de las competencias profesionales ante las nuevas oportunidades que puedan generarse con la recuperaci\u00f3n de la actividad petrolera nacional. Yhonny Rodriguez | CNP 25.976 Anaco, Anzo\u00e1tegui.\u2013 Un total de 22 ingenieros y t\u00e9cnicos culminaron satisfactoriamente el curso de Seguridad Industrial e Higiene Ocupacional, [&hellip;]\" \/>\n<meta property=\"og:url\" content=\"https:\/\/brujulainformativadigital.lat\/?p=1377\" \/>\n<meta property=\"og:site_name\" content=\"Br\u00fajula Informativa Digital\" \/>\n<meta property=\"article:publisher\" content=\"https:\/\/www.facebook.com\/p\/Brjula-Informativa-Digital-100085876965234\/\" \/>\n<meta property=\"article:published_time\" content=\"2026-08-18T06:41:50+00:00\" \/>\n<meta property=\"article:modified_time\" content=\"2026-08-18T06:44:24+00:00\" \/>\n<meta property=\"og:image\" content=\"https:\/\/brujulainformativadigital.lat\/wp-content\/uploads\/2026\/08\/WhatsApp-Image-2026-08-16-at-21.40.17.jpeg\" \/>\n\t<meta property=\"og:image:width\" content=\"1280\" \/>\n\t<meta property=\"og:image:height\" content=\"642\" \/>\n\t<meta property=\"og:image:type\" content=\"image\/jpeg\" \/>\n<meta name=\"author\" content=\"brujula1\" \/>\n<meta name=\"twitter:card\" content=\"summary_large_image\" \/>\n<meta name=\"twitter:label1\" content=\"Escrito por\" \/>\n\t<meta name=\"twitter:data1\" content=\"brujula1\" \/>\n\t<meta name=\"twitter:label2\" content=\"Tiempo estimado de lectura\" \/>\n\t<meta name=\"twitter:data2\" content=\"4 minutos\" \/>\n<script type=\"application\/ld+json\" class=\"yoast-schema-graph\">{\"@context\":\"https:\\\/\\\/schema.org\",\"@graph\":[{\"@type\":\"Article\",\"@id\":\"https:\\\/\\\/brujulainformativadigital.lat\\\/?p=1377#article\",\"isPartOf\":{\"@id\":\"https:\\\/\\\/brujulainformativadigital.lat\\\/?p=1377\"},\"author\":{\"name\":\"brujula1\",\"@id\":\"https:\\\/\\\/brujulainformativadigital.lat\\\/#\\\/schema\\\/person\\\/51cc34dd75e270eec12558bb60900d2b\"},\"headline\":\"FUNDAPETROL certific\u00f3 a 22 profesionales y t\u00e9cnicos en Seguridad Industrial e Higiene Ocupacional en Anaco\",\"datePublished\":\"2026-08-18T06:41:50+00:00\",\"dateModified\":\"2026-08-18T06:44:24+00:00\",\"mainEntityOfPage\":{\"@id\":\"https:\\\/\\\/brujulainformativadigital.lat\\\/?p=1377\"},\"wordCount\":533,\"commentCount\":0,\"publisher\":{\"@id\":\"https:\\\/\\\/brujulainformativadigital.lat\\\/#organization\"},\"image\":{\"@id\":\"https:\\\/\\\/brujulainformativadigital.lat\\\/?p=1377#primaryimage\"},\"thumbnailUrl\":\"https:\\\/\\\/brujulainformativadigital.lat\\\/wp-content\\\/uploads\\\/2026\\\/08\\\/WhatsApp-Image-2026-08-16-at-21.40.17.jpeg\",\"keywords\":[\"22 profesionales y t\u00e9cnicos\",\"Anaco\",\"certific\u00f3\",\"Fundapetrol\",\"Higiene Ocupacional\",\"Seguridad Industrial\"],\"articleSection\":[\"Noticias\",\"Regionales\"],\"inLanguage\":\"es\",\"potentialAction\":[{\"@type\":\"CommentAction\",\"name\":\"Comment\",\"target\":[\"https:\\\/\\\/brujulainformativadigital.lat\\\/?p=1377#respond\"]}]},{\"@type\":\"WebPage\",\"@id\":\"https:\\\/\\\/brujulainformativadigital.lat\\\/?p=1377\",\"url\":\"https:\\\/\\\/brujulainformativadigital.lat\\\/?p=1377\",\"name\":\"FUNDAPETROL certific\u00f3 a 22 profesionales y t\u00e9cnicos en Seguridad Industrial e Higiene Ocupacional en Anaco - Br\u00fajula Informativa Digital\",\"isPartOf\":{\"@id\":\"https:\\\/\\\/brujulainformativadigital.lat\\\/#website\"},\"primaryImageOfPage\":{\"@id\":\"https:\\\/\\\/brujulainformativadigital.lat\\\/?p=1377#primaryimage\"},\"image\":{\"@id\":\"https:\\\/\\\/brujulainformativadigital.lat\\\/?p=1377#primaryimage\"},\"thumbnailUrl\":\"https:\\\/\\\/brujulainformativadigital.lat\\\/wp-content\\\/uploads\\\/2026\\\/08\\\/WhatsApp-Image-2026-08-16-at-21.40.17.jpeg\",\"datePublished\":\"2026-08-18T06:41:50+00:00\",\"dateModified\":\"2026-08-18T06:44:24+00:00\",\"breadcrumb\":{\"@id\":\"https:\\\/\\\/brujulainformativadigital.lat\\\/?p=1377#breadcrumb\"},\"inLanguage\":\"es\",\"potentialAction\":[{\"@type\":\"ReadAction\",\"target\":[\"https:\\\/\\\/brujulainformativadigital.lat\\\/?p=1377\"]}]},{\"@type\":\"ImageObject\",\"inLanguage\":\"es\",\"@id\":\"https:\\\/\\\/brujulainformativadigital.lat\\\/?p=1377#primaryimage\",\"url\":\"https:\\\/\\\/brujulainformativadigital.lat\\\/wp-content\\\/uploads\\\/2026\\\/08\\\/WhatsApp-Image-2026-08-16-at-21.40.17.jpeg\",\"contentUrl\":\"https:\\\/\\\/brujulainformativadigital.lat\\\/wp-content\\\/uploads\\\/2026\\\/08\\\/WhatsApp-Image-2026-08-16-at-21.40.17.jpeg\",\"width\":1280,\"height\":642},{\"@type\":\"BreadcrumbList\",\"@id\":\"https:\\\/\\\/brujulainformativadigital.lat\\\/?p=1377#breadcrumb\",\"itemListElement\":[{\"@type\":\"ListItem\",\"position\":1,\"name\":\"Portada\",\"item\":\"https:\\\/\\\/brujulainformativadigital.lat\\\/\"},{\"@type\":\"ListItem\",\"position\":2,\"name\":\"FUNDAPETROL certific\u00f3 a 22 profesionales y t\u00e9cnicos en Seguridad Industrial e Higiene Ocupacional en Anaco\"}]},{\"@type\":\"WebSite\",\"@id\":\"https:\\\/\\\/brujulainformativadigital.lat\\\/#website\",\"url\":\"https:\\\/\\\/brujulainformativadigital.lat\\\/\",\"name\":\"Br\u00fajula Informativa Digital\",\"description\":\"Haciendo un nuevo periodismo\",\"publisher\":{\"@id\":\"https:\\\/\\\/brujulainformativadigital.lat\\\/#organization\"},\"potentialAction\":[{\"@type\":\"SearchAction\",\"target\":{\"@type\":\"EntryPoint\",\"urlTemplate\":\"https:\\\/\\\/brujulainformativadigital.lat\\\/?s={search_term_string}\"},\"query-input\":{\"@type\":\"PropertyValueSpecification\",\"valueRequired\":true,\"valueName\":\"search_term_string\"}}],\"inLanguage\":\"es\"},{\"@type\":\"Organization\",\"@id\":\"https:\\\/\\\/brujulainformativadigital.lat\\\/#organization\",\"name\":\"Br\u00fajula Informativa Digital\",\"url\":\"https:\\\/\\\/brujulainformativadigital.lat\\\/\",\"logo\":{\"@type\":\"ImageObject\",\"inLanguage\":\"es\",\"@id\":\"https:\\\/\\\/brujulainformativadigital.lat\\\/#\\\/schema\\\/logo\\\/image\\\/\",\"url\":\"https:\\\/\\\/brujulainformativadigital.lat\\\/wp-content\\\/uploads\\\/2026\\\/07\\\/cropped-cropped-cropped-cropped-BackgroundEraser_20260724_021843796-2.png\",\"contentUrl\":\"https:\\\/\\\/brujulainformativadigital.lat\\\/wp-content\\\/uploads\\\/2026\\\/07\\\/cropped-cropped-cropped-cropped-BackgroundEraser_20260724_021843796-2.png\",\"width\":1894,\"height\":1896,\"caption\":\"Br\u00fajula Informativa Digital\"},\"image\":{\"@id\":\"https:\\\/\\\/brujulainformativadigital.lat\\\/#\\\/schema\\\/logo\\\/image\\\/\"},\"sameAs\":[\"https:\\\/\\\/www.facebook.com\\\/p\\\/Brjula-Informativa-Digital-100085876965234\\\/\",\"https:\\\/\\\/www.instagram.com\\\/brujulainformativadigital\\\/\"]},{\"@type\":\"Person\",\"@id\":\"https:\\\/\\\/brujulainformativadigital.lat\\\/#\\\/schema\\\/person\\\/51cc34dd75e270eec12558bb60900d2b\",\"name\":\"brujula1\",\"image\":{\"@type\":\"ImageObject\",\"inLanguage\":\"es\",\"@id\":\"https:\\\/\\\/secure.gravatar.com\\\/avatar\\\/7e5c45ac46bcd78760a935e9ae7f3df83da35ffae9cbccfbee5a9c3137b68312?s=96&d=mm&r=g\",\"url\":\"https:\\\/\\\/secure.gravatar.com\\\/avatar\\\/7e5c45ac46bcd78760a935e9ae7f3df83da35ffae9cbccfbee5a9c3137b68312?s=96&d=mm&r=g\",\"contentUrl\":\"https:\\\/\\\/secure.gravatar.com\\\/avatar\\\/7e5c45ac46bcd78760a935e9ae7f3df83da35ffae9cbccfbee5a9c3137b68312?s=96&d=mm&r=g\",\"caption\":\"brujula1\"},\"sameAs\":[\"https:\\\/\\\/brujulainformativadigital.lat\"],\"url\":\"https:\\\/\\\/brujulainformativadigital.lat\\\/?author=1\"}]}<\/script>\n<!-- \/ Yoast SEO plugin. -->","yoast_head_json":{"title":"FUNDAPETROL certific\u00f3 a 22 profesionales y t\u00e9cnicos en Seguridad Industrial e Higiene Ocupacional en Anaco - Br\u00fajula Informativa Digital","robots":{"index":"index","follow":"follow","max-snippet":"max-snippet:-1","max-image-preview":"max-image-preview:large","max-video-preview":"max-video-preview:-1"},"canonical":"https:\/\/brujulainformativadigital.lat\/?p=1377","og_locale":"es_ES","og_type":"article","og_title":"FUNDAPETROL certific\u00f3 a 22 profesionales y t\u00e9cnicos en Seguridad Industrial e Higiene Ocupacional en Anaco - Br\u00fajula Informativa Digital","og_description":"\u27bd La capacitaci\u00f3n, desarrollada durante 40 horas acad\u00e9micas, estuvo orientada al fortalecimiento de las competencias profesionales ante las nuevas oportunidades que puedan generarse con la recuperaci\u00f3n de la actividad petrolera nacional. Yhonny Rodriguez | CNP 25.976 Anaco, Anzo\u00e1tegui.\u2013 Un total de 22 ingenieros y t\u00e9cnicos culminaron satisfactoriamente el curso de Seguridad Industrial e Higiene Ocupacional, [&hellip;]","og_url":"https:\/\/brujulainformativadigital.lat\/?p=1377","og_site_name":"Br\u00fajula Informativa Digital","article_publisher":"https:\/\/www.facebook.com\/p\/Brjula-Informativa-Digital-100085876965234\/","article_published_time":"2026-08-18T06:41:50+00:00","article_modified_time":"2026-08-18T06:44:24+00:00","og_image":[{"width":1280,"height":642,"url":"https:\/\/brujulainformativadigital.lat\/wp-content\/uploads\/2026\/08\/WhatsApp-Image-2026-08-16-at-21.40.17.jpeg","type":"image\/jpeg"}],"author":"brujula1","twitter_card":"summary_large_image","twitter_misc":{"Escrito por":"brujula1","Tiempo estimado de lectura":"4 minutos"},"schema":{"@context":"https:\/\/schema.org","@graph":[{"@type":"Article","@id":"https:\/\/brujulainformativadigital.lat\/?p=1377#article","isPartOf":{"@id":"https:\/\/brujulainformativadigital.lat\/?p=1377"},"author":{"name":"brujula1","@id":"https:\/\/brujulainformativadigital.lat\/#\/schema\/person\/51cc34dd75e270eec12558bb60900d2b"},"headline":"FUNDAPETROL certific\u00f3 a 22 profesionales y t\u00e9cnicos en Seguridad Industrial e Higiene Ocupacional en Anaco","datePublished":"2026-08-18T06:41:50+00:00","dateModified":"2026-08-18T06:44:24+00:00","mainEntityOfPage":{"@id":"https:\/\/brujulainformativadigital.lat\/?p=1377"},"wordCount":533,"commentCount":0,"publisher":{"@id":"https:\/\/brujulainformativadigital.lat\/#organization"},"image":{"@id":"https:\/\/brujulainformativadigital.lat\/?p=1377#primaryimage"},"thumbnailUrl":"https:\/\/brujulainformativadigital.lat\/wp-content\/uploads\/2026\/08\/WhatsApp-Image-2026-08-16-at-21.40.17.jpeg","keywords":["22 profesionales y t\u00e9cnicos","Anaco","certific\u00f3","Fundapetrol","Higiene Ocupacional","Seguridad Industrial"],"articleSection":["Noticias","Regionales"],"inLanguage":"es","potentialAction":[{"@type":"CommentAction","name":"Comment","target":["https:\/\/brujulainformativadigital.lat\/?p=1377#respond"]}]},{"@type":"WebPage","@id":"https:\/\/brujulainformativadigital.lat\/?p=1377","url":"https:\/\/brujulainformativadigital.lat\/?p=1377","name":"FUNDAPETROL certific\u00f3 a 22 profesionales y t\u00e9cnicos en Seguridad Industrial e Higiene Ocupacional en Anaco - Br\u00fajula Informativa Digital","isPartOf":{"@id":"https:\/\/brujulainformativadigital.lat\/#website"},"primaryImageOfPage":{"@id":"https:\/\/brujulainformativadigital.lat\/?p=1377#primaryimage"},"image":{"@id":"https:\/\/brujulainformativadigital.lat\/?p=1377#primaryimage"},"thumbnailUrl":"https:\/\/brujulainformativadigital.lat\/wp-content\/uploads\/2026\/08\/WhatsApp-Image-2026-08-16-at-21.40.17.jpeg","datePublished":"2026-08-18T06:41:50+00:00","dateModified":"2026-08-18T06:44:24+00:00","breadcrumb":{"@id":"https:\/\/brujulainformativadigital.lat\/?p=1377#breadcrumb"},"inLanguage":"es","potentialAction":[{"@type":"ReadAction","target":["https:\/\/brujulainformativadigital.lat\/?p=1377"]}]},{"@type":"ImageObject","inLanguage":"es","@id":"https:\/\/brujulainformativadigital.lat\/?p=1377#primaryimage","url":"https:\/\/brujulainformativadigital.lat\/wp-content\/uploads\/2026\/08\/WhatsApp-Image-2026-08-16-at-21.40.17.jpeg","contentUrl":"https:\/\/brujulainformativadigital.lat\/wp-content\/uploads\/2026\/08\/WhatsApp-Image-2026-08-16-at-21.40.17.jpeg","width":1280,"height":642},{"@type":"BreadcrumbList","@id":"https:\/\/brujulainformativadigital.lat\/?p=1377#breadcrumb","itemListElement":[{"@type":"ListItem","position":1,"name":"Portada","item":"https:\/\/brujulainformativadigital.lat\/"},{"@type":"ListItem","position":2,"name":"FUNDAPETROL certific\u00f3 a 22 profesionales y t\u00e9cnicos en Seguridad Industrial e Higiene Ocupacional en Anaco"}]},{"@type":"WebSite","@id":"https:\/\/brujulainformativadigital.lat\/#website","url":"https:\/\/brujulainformativadigital.lat\/","name":"Br\u00fajula Informativa Digital","description":"Haciendo un nuevo periodismo","publisher":{"@id":"https:\/\/brujulainformativadigital.lat\/#organization"},"potentialAction":[{"@type":"SearchAction","target":{"@type":"EntryPoint","urlTemplate":"https:\/\/brujulainformativadigital.lat\/?s={search_term_string}"},"query-input":{"@type":"PropertyValueSpecification","valueRequired":true,"valueName":"search_term_string"}}],"inLanguage":"es"},{"@type":"Organization","@id":"https:\/\/brujulainformativadigital.lat\/#organization","name":"Br\u00fajula Informativa Digital","url":"https:\/\/brujulainformativadigital.lat\/","logo":{"@type":"ImageObject","inLanguage":"es","@id":"https:\/\/brujulainformativadigital.lat\/#\/schema\/logo\/image\/","url":"https:\/\/brujulainformativadigital.lat\/wp-content\/uploads\/2026\/07\/cropped-cropped-cropped-cropped-BackgroundEraser_20260724_021843796-2.png","contentUrl":"https:\/\/brujulainformativadigital.lat\/wp-content\/uploads\/2026\/07\/cropped-cropped-cropped-cropped-BackgroundEraser_20260724_021843796-2.png","width":1894,"height":1896,"caption":"Br\u00fajula Informativa Digital"},"image":{"@id":"https:\/\/brujulainformativadigital.lat\/#\/schema\/logo\/image\/"},"sameAs":["https:\/\/www.facebook.com\/p\/Brjula-Informativa-Digital-100085876965234\/","https:\/\/www.instagram.com\/brujulainformativadigital\/"]},{"@type":"Person","@id":"https:\/\/brujulainformativadigital.lat\/#\/schema\/person\/51cc34dd75e270eec12558bb60900d2b","name":"brujula1","image":{"@type":"ImageObject","inLanguage":"es","@id":"https:\/\/secure.gravatar.com\/avatar\/7e5c45ac46bcd78760a935e9ae7f3df83da35ffae9cbccfbee5a9c3137b68312?s=96&d=mm&r=g","url":"https:\/\/secure.gravatar.com\/avatar\/7e5c45ac46bcd78760a935e9ae7f3df83da35ffae9cbccfbee5a9c3137b68312?s=96&d=mm&r=g","contentUrl":"https:\/\/secure.gravatar.com\/avatar\/7e5c45ac46bcd78760a935e9ae7f3df83da35ffae9cbccfbee5a9c3137b68312?s=96&d=mm&r=g","caption":"brujula1"},"sameAs":["https:\/\/brujulainformativadigital.lat"],"url":"https:\/\/brujulainformativadigital.lat\/?author=1"}]}},"_links":{"self":[{"href":"https:\/\/brujulainformativadigital.lat\/index.php?rest_route=\/wp\/v2\/posts\/1377","targetHints":{"allow":["GET"]}}],"collection":[{"href":"https:\/\/brujulainformativadigital.lat\/index.php?rest_route=\/wp\/v2\/posts"}],"about":[{"href":"https:\/\/brujulainformativadigital.lat\/index.php?rest_route=\/wp\/v2\/types\/post"}],"author":[{"embeddable":true,"href":"https:\/\/brujulainformativadigital.lat\/index.php?rest_route=\/wp\/v2\/users\/1"}],"replies":[{"embeddable":true,"href":"https:\/\/brujulainformativadigital.lat\/index.php?rest_route=%2Fwp%2Fv2%2Fcomments&post=1377"}],"version-history":[{"count":3,"href":"https:\/\/brujulainformativadigital.lat\/index.php?rest_route=\/wp\/v2\/posts\/1377\/revisions"}],"predecessor-version":[{"id":1387,"href":"https:\/\/brujulainformativadigital.lat\/index.php?rest_route=\/wp\/v2\/posts\/1377\/revisions\/1387"}],"wp:featuredmedia":[{"embeddable":true,"href":"https:\/\/brujulainformativadigital.lat\/index.php?rest_route=\/wp\/v2\/media\/1378"}],"wp:attachment":[{"href":"https:\/\/brujulainformativadigital.lat\/index.php?rest_route=%2Fwp%2Fv2%2Fmedia&parent=1377"}],"wp:term":[{"taxonomy":"category","embeddable":true,"href":"https:\/\/brujulainformativadigital.lat\/index.php?rest_route=%2Fwp%2Fv2%2Fcategories&post=1377"},{"taxonomy":"post_tag","embeddable":true,"href":"https:\/\/brujulainformativadigital.lat\/index.php?rest_route=%2Fwp%2Fv2%2Ftags&post=1377"}],"curies":[{"name":"wp","href":"https:\/\/api.w.org\/{rel}","templated":true}]}}