{"id":1388,"date":"2026-08-24T01:53:44","date_gmt":"2026-08-24T05:53:44","guid":{"rendered":"https:\/\/brujulainformativadigital.lat\/?p=1388"},"modified":"2026-08-24T01:55:58","modified_gmt":"2026-08-24T05:55:58","slug":"carlos-reyes-la-prioridad-de-cualquier-proceso-de-negociacion-tiene-que-ser-la-libertad-plena-de-los-presos-politicos","status":"publish","type":"post","link":"https:\/\/brujulainformativadigital.lat\/?p=1388","title":{"rendered":"Carlos Reyes: \u00abLa prioridad de cualquier proceso de negociaci\u00f3n tiene que ser la libertad plena de los presos pol\u00edticos\u00bb"},"content":{"rendered":"\n<p class=\"has-text-align-left has-medium-font-size wp-block-paragraph\"><strong><em>Durante la actividad masiva, el vocero principal de Proyecto Venezuela en Caron\u00ed, destac\u00f3 que con la reorganizaci\u00f3n de la dirigencia local busca dinamizar el trabajo de bases en las parroquias de la municipalidad.<\/em><\/strong><\/p>\n\n\n\n<p class=\"wp-block-paragraph\"><strong>Prensa Proyecto Venezuela Caron\u00ed<\/strong><\/p>\n\n\n\n<p class=\"has-medium-font-size wp-block-paragraph\">La dirigencia del partido Proyecto Venezuela en el municipio Caron\u00ed, encabezada por el l\u00edder pol\u00edtico Carlos Reyes anunci\u00f3 la reestructuraci\u00f3n de sus filas locales, y el avance en cuanto a la juramentaci\u00f3n de las bases en las parroquias; adem\u00e1s de fijar posici\u00f3n sobre el futuro pol\u00edtico del pa\u00eds.<\/p>\n\n\n<div class=\"wp-block-image\">\n<figure class=\"aligncenter size-large\"><img loading=\"lazy\" decoding=\"async\" width=\"1024\" height=\"461\" src=\"https:\/\/brujulainformativadigital.lat\/wp-content\/uploads\/2026\/08\/WhatsApp-Image-2026-08-23-at-14.53.03-1024x461.jpeg\" alt=\"\" class=\"wp-image-1389\" srcset=\"https:\/\/brujulainformativadigital.lat\/wp-content\/uploads\/2026\/08\/WhatsApp-Image-2026-08-23-at-14.53.03-1024x461.jpeg 1024w, https:\/\/brujulainformativadigital.lat\/wp-content\/uploads\/2026\/08\/WhatsApp-Image-2026-08-23-at-14.53.03-300x135.jpeg 300w, https:\/\/brujulainformativadigital.lat\/wp-content\/uploads\/2026\/08\/WhatsApp-Image-2026-08-23-at-14.53.03-767x345.jpeg 767w, https:\/\/brujulainformativadigital.lat\/wp-content\/uploads\/2026\/08\/WhatsApp-Image-2026-08-23-at-14.53.03-1536x691.jpeg 1536w, https:\/\/brujulainformativadigital.lat\/wp-content\/uploads\/2026\/08\/WhatsApp-Image-2026-08-23-at-14.53.03-2048x922.jpeg 2048w\" sizes=\"auto, (max-width: 1024px) 100vw, 1024px\" \/><\/figure>\n<\/div>\n\n\n<p class=\"has-medium-font-size wp-block-paragraph\">En un encuentro realizado este fin de semana, con los medios de comunicaci\u00f3n en Puerto Ordaz, Carlos Reyes, secretario municipal de la conocida \u00abtolda del sol\u00bb y por cuarta ocasi\u00f3n secretario ejecutivo de la Plataforma Unitaria Democr\u00e1tica en la localidad, encabez\u00f3 la presentaci\u00f3n de la directiva local integrada por Jos\u00e9 Cupare, uno de los fundadores del partido en la zona y quien ocupa la coordinaci\u00f3n de Organizaci\u00f3n; Federico Carre\u00f1o, en Asunto Electoral; Jhonatan Quintero, en Formaci\u00f3n; Raibel Cabrera, en Redes; Emersy Navarro, en Madres Voluntarias; Kleiver Verbeeca, en Nueva Generaci\u00f3n; Leomar Garc\u00eda, en Asuntos Pol\u00edticos; y Hern\u00e1n Carre\u00f1o, en Asuntos Gremiales.<\/p>\n\n\n\n<p class=\"has-medium-font-size wp-block-paragraph\">Reyes, tambi\u00e9n estuvo acompa\u00f1ado por simpatizantes y voceros de la dirigencia regional como Gari Bejarano, Alirio Cuotto, Jos\u00e9 Camilo Rodr\u00edguez y Marjory Sotillo.<\/p>\n\n\n\n<p class=\"has-medium-font-size wp-block-paragraph\">Durante la actividad masiva, el vocero principal de Proyecto Venezuela en Caron\u00ed, destac\u00f3 que con esta reorganizaci\u00f3n de la dirigencia local busca dinamizar el trabajo de bases en las parroquias de Caron\u00ed, as\u00ed como reactivar la articulaci\u00f3n con los gremios, sectores sindicales y comunidades.<\/p>\n\n\n\n<figure class=\"wp-block-gallery has-nested-images columns-default is-cropped wp-block-gallery-1 is-layout-flex wp-block-gallery-is-layout-flex\">\n<figure class=\"wp-block-image size-large\"><img loading=\"lazy\" decoding=\"async\" width=\"1024\" height=\"461\" data-id=\"1390\" src=\"https:\/\/brujulainformativadigital.lat\/wp-content\/uploads\/2026\/08\/WhatsApp-Image-2026-08-23-at-14.53.04-1-1024x461.jpeg\" alt=\"\" class=\"wp-image-1390\" srcset=\"https:\/\/brujulainformativadigital.lat\/wp-content\/uploads\/2026\/08\/WhatsApp-Image-2026-08-23-at-14.53.04-1-1024x461.jpeg 1024w, https:\/\/brujulainformativadigital.lat\/wp-content\/uploads\/2026\/08\/WhatsApp-Image-2026-08-23-at-14.53.04-1-300x135.jpeg 300w, https:\/\/brujulainformativadigital.lat\/wp-content\/uploads\/2026\/08\/WhatsApp-Image-2026-08-23-at-14.53.04-1-767x345.jpeg 767w, https:\/\/brujulainformativadigital.lat\/wp-content\/uploads\/2026\/08\/WhatsApp-Image-2026-08-23-at-14.53.04-1-1536x691.jpeg 1536w, https:\/\/brujulainformativadigital.lat\/wp-content\/uploads\/2026\/08\/WhatsApp-Image-2026-08-23-at-14.53.04-1-2048x922.jpeg 2048w\" sizes=\"auto, (max-width: 1024px) 100vw, 1024px\" \/><\/figure>\n\n\n\n<figure class=\"wp-block-image size-large\"><img loading=\"lazy\" decoding=\"async\" width=\"1024\" height=\"461\" data-id=\"1391\" src=\"https:\/\/brujulainformativadigital.lat\/wp-content\/uploads\/2026\/08\/WhatsApp-Image-2026-08-23-at-14.53.04-1024x461.jpeg\" alt=\"\" class=\"wp-image-1391\" srcset=\"https:\/\/brujulainformativadigital.lat\/wp-content\/uploads\/2026\/08\/WhatsApp-Image-2026-08-23-at-14.53.04-1024x461.jpeg 1024w, https:\/\/brujulainformativadigital.lat\/wp-content\/uploads\/2026\/08\/WhatsApp-Image-2026-08-23-at-14.53.04-300x135.jpeg 300w, https:\/\/brujulainformativadigital.lat\/wp-content\/uploads\/2026\/08\/WhatsApp-Image-2026-08-23-at-14.53.04-767x345.jpeg 767w, https:\/\/brujulainformativadigital.lat\/wp-content\/uploads\/2026\/08\/WhatsApp-Image-2026-08-23-at-14.53.04-1536x691.jpeg 1536w, https:\/\/brujulainformativadigital.lat\/wp-content\/uploads\/2026\/08\/WhatsApp-Image-2026-08-23-at-14.53.04-2048x922.jpeg 2048w\" sizes=\"auto, (max-width: 1024px) 100vw, 1024px\" \/><\/figure>\n<\/figure>\n\n\n\n<p class=\"has-medium-font-size wp-block-paragraph\"><mark style=\"background-color:rgba(0, 0, 0, 0);color:#072683\" class=\"has-inline-color\"><strong>Plan de trabajo centrado en tres ejes importantes<\/strong><\/mark><\/p>\n\n\n\n<p class=\"has-medium-font-size wp-block-paragraph\">En lo declarado por el dirigente pol\u00edtico, mencion\u00f3 que el plan de trabajo que conduce Proyecto Venezuela en Caron\u00ed se centra en tres ejes importantes; primero, en la juramentaci\u00f3n de equipos en las parroquias del municipio Caron\u00ed para escuchar las demandas de los sectores populares.<\/p>\n\n\n\n<p class=\"has-medium-font-size wp-block-paragraph\">Segundo, en la reorganizaci\u00f3n preventiva de las estructuras ciudadanas de cara a los pr\u00f3ximos escenarios comiciales.<\/p>\n\n\n\n<p class=\"has-medium-font-size wp-block-paragraph\">Y tercero, la articulaci\u00f3n permanente con gremios profesionales, trabajadores y dirigencia sindical de Guayana.<\/p>\n\n\n\n<p class=\"has-medium-font-size wp-block-paragraph\"><strong><mark style=\"background-color:rgba(0, 0, 0, 0);color:#072683\" class=\"has-inline-color\">\u00abSin libertad no hay di\u00e1logo que valga\u00bb<\/mark><\/strong><\/p>\n\n\n\n<p class=\"has-medium-font-size wp-block-paragraph\">Sobre la situaci\u00f3n pol\u00edtica actual y ante la posibilidad de una nueva mesa de di\u00e1logo entre los factores democr\u00e1ticos y el Gobierno nacional, Reyes fue categ\u00f3rico en situar el tema de los presos pol\u00edticos como premisa innegociable.<\/p>\n\n\n\n<p class=\"has-medium-font-size wp-block-paragraph\"><em>\u00abLo ha dicho el sector sindical, lo ha dicho el sector pol\u00edtico, los gremios y la Plataforma Unitaria: no puede haber una negociaci\u00f3n pol\u00edtica con presos pol\u00edticos. Eso no existe en ninguna parte del mundo. La prioridad de cualquier proceso de negociaci\u00f3n tiene que ser la libertad plena de todos los presos pol\u00edticos\u00bb,<\/em> enfatiz\u00f3 Reyes.<\/p>\n\n\n\n<p class=\"has-medium-font-size wp-block-paragraph\">El dirigente hizo un llamado directo a los representantes de la Asamblea Nacional de 2015, encabezada por Dinorah Figuera, para que la exigencia de amnist\u00eda e indulto real sea el punto central de cualquier acercamiento.<\/p>\n\n\n\n<p class=\"has-medium-font-size wp-block-paragraph\">Asimismo, subray\u00f3 que el calendario pol\u00edtico debe priorizar la convocatoria a elecciones presidenciales, ratificando el liderazgo de Mar\u00eda Corina Machado como referente de cambio y expresando el deseo de su pronto retorno al pa\u00eds.<\/p>\n\n\n\n<p class=\"has-medium-font-size wp-block-paragraph\"><strong><mark style=\"background-color:rgba(0, 0, 0, 0);color:#072683\" class=\"has-inline-color\">Reconstrucci\u00f3n del padr\u00f3n electoral<\/mark><\/strong><\/p>\n\n\n\n<p class=\"has-medium-font-size wp-block-paragraph\">Al ser consultado sobre la p\u00e9rdida de credibilidad en las instituciones electorales tras los comicios del 28 julio de 2024, el representante opositor reconoci\u00f3 el des\u00e1nimo y el temor que embargan a muchos ciudadanos en las comunidades. Sin embargo, enfatiz\u00f3 que la salida sigue estando en la organizaci\u00f3n ciudadana.<\/p>\n\n\n\n<p class=\"has-medium-font-size wp-block-paragraph\">En ese mismo orden, Reyes record\u00f3 el esfuerzo colectivo demostrado en eventos electorales pasados como las primarias de octubre de 2023 o las del 28 de julio, donde el trabajo de la gente de a pie permiti\u00f3 respaldar la opci\u00f3n opositora encarnada por Edmundo Gonz\u00e1lez Urrutia.<\/p>\n\n\n\n<p class=\"has-black-color has-text-color has-link-color has-medium-font-size wp-elements-1 wp-block-paragraph\"><em>\u00abSabemos que el CNE actual no genera confianza en la poblaci\u00f3n y que hubo una persecuci\u00f3n dura contra los testigos y miembros de mesa, quienes en su mayor\u00eda no eran militantes partidistas sino vecinos comprometidos. Pero la desconfianza no nos puede paralizar. El padr\u00f3n electoral no se construye solo con partidos, se hace con la gente, con los estudiantes, con las madres, con el ciudadano com\u00fan\u00bb,<\/em> acot\u00f3.<\/p>\n\n\n\n<p class=\"has-medium-font-size wp-block-paragraph\">Para concluir, Reyes reiter\u00f3 que la tarea inmediata de la dirigencia es salir al encuentro de la colectividad en las calles, vencer el miedo generado por la persecuci\u00f3n pol\u00edtica y ofrecer un horizonte de esperanza.<\/p>\n\n\n\n<p class=\"has-text-color has-link-color has-medium-font-size wp-elements-2 wp-block-paragraph\" style=\"color:#0d1b87\"><strong><em>\u00abNo es f\u00e1cil, pero la v\u00eda electoral y la uni\u00f3n de todos los venezolanos sigue siendo nuestras mejores herramientas. Vamos a trabajar con el doble de fuerza para devolverle la credibilidad a la gente\u00bb,<\/em> finaliz\u00f3.<\/strong><\/p>\n\n\n\n<p class=\"has-medium-font-size wp-block-paragraph\"><\/p>\n\n\n\n<p class=\"wp-block-paragraph\"><\/p>\n","protected":false},"excerpt":{"rendered":"<p>Durante la actividad masiva, el vocero principal de Proyecto Venezuela en Caron\u00ed, destac\u00f3 que con la reorganizaci\u00f3n de la dirigencia local busca dinamizar el trabajo de bases en las parroquias de la municipalidad. Prensa Proyecto Venezuela Caron\u00ed La dirigencia del partido Proyecto Venezuela en el municipio Caron\u00ed, encabezada por el l\u00edder pol\u00edtico Carlos Reyes anunci\u00f3 [&hellip;]<\/p>\n","protected":false},"author":1,"featured_media":1389,"comment_status":"open","ping_status":"open","sticky":false,"template":"","format":"standard","meta":{"footnotes":""},"categories":[3,34,4],"tags":[715,479,717,418,417,716,332],"class_list":["post-1388","post","type-post","status-publish","format-standard","has-post-thumbnail","hentry","category-noticias","category-politica","category-regionales","tag-carlos-reyes","tag-libertad","tag-negociacion","tag-politicos","tag-presos","tag-prioridad","tag-proceso"],"yoast_head":"<!-- This site is optimized with the Yoast SEO plugin v27.9 - https:\/\/yoast.com\/product\/yoast-seo-wordpress\/ -->\n<title>Carlos Reyes: &quot;La prioridad de cualquier proceso de negociaci\u00f3n tiene que ser la libertad plena de los presos pol\u00edticos&quot; - Br\u00fajula Informativa Digital<\/title>\n<meta name=\"robots\" content=\"index, follow, max-snippet:-1, max-image-preview:large, max-video-preview:-1\" \/>\n<link rel=\"canonical\" href=\"https:\/\/brujulainformativadigital.lat\/?p=1388\" \/>\n<meta property=\"og:locale\" content=\"es_ES\" \/>\n<meta property=\"og:type\" content=\"article\" \/>\n<meta property=\"og:title\" content=\"Carlos Reyes: &quot;La prioridad de cualquier proceso de negociaci\u00f3n tiene que ser la libertad plena de los presos pol\u00edticos&quot; - Br\u00fajula Informativa Digital\" \/>\n<meta property=\"og:description\" content=\"Durante la actividad masiva, el vocero principal de Proyecto Venezuela en Caron\u00ed, destac\u00f3 que con la reorganizaci\u00f3n de la dirigencia local busca dinamizar el trabajo de bases en las parroquias de la municipalidad. Prensa Proyecto Venezuela Caron\u00ed La dirigencia del partido Proyecto Venezuela en el municipio Caron\u00ed, encabezada por el l\u00edder pol\u00edtico Carlos Reyes anunci\u00f3 [&hellip;]\" \/>\n<meta property=\"og:url\" content=\"https:\/\/brujulainformativadigital.lat\/?p=1388\" \/>\n<meta property=\"og:site_name\" content=\"Br\u00fajula Informativa Digital\" \/>\n<meta property=\"article:publisher\" content=\"https:\/\/www.facebook.com\/p\/Brjula-Informativa-Digital-100085876965234\/\" \/>\n<meta property=\"article:published_time\" content=\"2026-08-24T05:53:44+00:00\" \/>\n<meta property=\"article:modified_time\" content=\"2026-08-24T05:55:58+00:00\" \/>\n<meta property=\"og:image\" content=\"https:\/\/brujulainformativadigital.lat\/wp-content\/uploads\/2026\/08\/WhatsApp-Image-2026-08-23-at-14.53.03.jpeg\" \/>\n\t<meta property=\"og:image:width\" content=\"2560\" \/>\n\t<meta property=\"og:image:height\" content=\"1152\" \/>\n\t<meta property=\"og:image:type\" content=\"image\/jpeg\" \/>\n<meta name=\"author\" content=\"brujula1\" \/>\n<meta name=\"twitter:card\" content=\"summary_large_image\" \/>\n<meta name=\"twitter:label1\" content=\"Escrito por\" \/>\n\t<meta name=\"twitter:data1\" content=\"brujula1\" \/>\n\t<meta name=\"twitter:label2\" content=\"Tiempo estimado de lectura\" \/>\n\t<meta name=\"twitter:data2\" content=\"5 minutos\" \/>\n<script type=\"application\/ld+json\" class=\"yoast-schema-graph\">{\"@context\":\"https:\\\/\\\/schema.org\",\"@graph\":[{\"@type\":\"Article\",\"@id\":\"https:\\\/\\\/brujulainformativadigital.lat\\\/?p=1388#article\",\"isPartOf\":{\"@id\":\"https:\\\/\\\/brujulainformativadigital.lat\\\/?p=1388\"},\"author\":{\"name\":\"brujula1\",\"@id\":\"https:\\\/\\\/brujulainformativadigital.lat\\\/#\\\/schema\\\/person\\\/51cc34dd75e270eec12558bb60900d2b\"},\"headline\":\"Carlos Reyes: \u00abLa prioridad de cualquier proceso de negociaci\u00f3n tiene que ser la libertad plena de los presos pol\u00edticos\u00bb\",\"datePublished\":\"2026-08-24T05:53:44+00:00\",\"dateModified\":\"2026-08-24T05:55:58+00:00\",\"mainEntityOfPage\":{\"@id\":\"https:\\\/\\\/brujulainformativadigital.lat\\\/?p=1388\"},\"wordCount\":822,\"commentCount\":0,\"publisher\":{\"@id\":\"https:\\\/\\\/brujulainformativadigital.lat\\\/#organization\"},\"image\":{\"@id\":\"https:\\\/\\\/brujulainformativadigital.lat\\\/?p=1388#primaryimage\"},\"thumbnailUrl\":\"https:\\\/\\\/brujulainformativadigital.lat\\\/wp-content\\\/uploads\\\/2026\\\/08\\\/WhatsApp-Image-2026-08-23-at-14.53.03.jpeg\",\"keywords\":[\"Carlos Reyes\",\"libertad\",\"negociaci\u00f3n\",\"pol\u00edticos\",\"presos\",\"prioridad\",\"proceso\"],\"articleSection\":[\"Noticias\",\"Pol\u00edtica\",\"Regionales\"],\"inLanguage\":\"es\",\"potentialAction\":[{\"@type\":\"CommentAction\",\"name\":\"Comment\",\"target\":[\"https:\\\/\\\/brujulainformativadigital.lat\\\/?p=1388#respond\"]}]},{\"@type\":\"WebPage\",\"@id\":\"https:\\\/\\\/brujulainformativadigital.lat\\\/?p=1388\",\"url\":\"https:\\\/\\\/brujulainformativadigital.lat\\\/?p=1388\",\"name\":\"Carlos Reyes: \\\"La prioridad de cualquier proceso de negociaci\u00f3n tiene que ser la libertad plena de los presos pol\u00edticos\\\" - Br\u00fajula Informativa Digital\",\"isPartOf\":{\"@id\":\"https:\\\/\\\/brujulainformativadigital.lat\\\/#website\"},\"primaryImageOfPage\":{\"@id\":\"https:\\\/\\\/brujulainformativadigital.lat\\\/?p=1388#primaryimage\"},\"image\":{\"@id\":\"https:\\\/\\\/brujulainformativadigital.lat\\\/?p=1388#primaryimage\"},\"thumbnailUrl\":\"https:\\\/\\\/brujulainformativadigital.lat\\\/wp-content\\\/uploads\\\/2026\\\/08\\\/WhatsApp-Image-2026-08-23-at-14.53.03.jpeg\",\"datePublished\":\"2026-08-24T05:53:44+00:00\",\"dateModified\":\"2026-08-24T05:55:58+00:00\",\"breadcrumb\":{\"@id\":\"https:\\\/\\\/brujulainformativadigital.lat\\\/?p=1388#breadcrumb\"},\"inLanguage\":\"es\",\"potentialAction\":[{\"@type\":\"ReadAction\",\"target\":[\"https:\\\/\\\/brujulainformativadigital.lat\\\/?p=1388\"]}]},{\"@type\":\"ImageObject\",\"inLanguage\":\"es\",\"@id\":\"https:\\\/\\\/brujulainformativadigital.lat\\\/?p=1388#primaryimage\",\"url\":\"https:\\\/\\\/brujulainformativadigital.lat\\\/wp-content\\\/uploads\\\/2026\\\/08\\\/WhatsApp-Image-2026-08-23-at-14.53.03.jpeg\",\"contentUrl\":\"https:\\\/\\\/brujulainformativadigital.lat\\\/wp-content\\\/uploads\\\/2026\\\/08\\\/WhatsApp-Image-2026-08-23-at-14.53.03.jpeg\",\"width\":2560,\"height\":1152},{\"@type\":\"BreadcrumbList\",\"@id\":\"https:\\\/\\\/brujulainformativadigital.lat\\\/?p=1388#breadcrumb\",\"itemListElement\":[{\"@type\":\"ListItem\",\"position\":1,\"name\":\"Portada\",\"item\":\"https:\\\/\\\/brujulainformativadigital.lat\\\/\"},{\"@type\":\"ListItem\",\"position\":2,\"name\":\"Carlos Reyes: \u00abLa prioridad de cualquier proceso de negociaci\u00f3n tiene que ser la libertad plena de los presos pol\u00edticos\u00bb\"}]},{\"@type\":\"WebSite\",\"@id\":\"https:\\\/\\\/brujulainformativadigital.lat\\\/#website\",\"url\":\"https:\\\/\\\/brujulainformativadigital.lat\\\/\",\"name\":\"Br\u00fajula Informativa Digital\",\"description\":\"Haciendo un nuevo periodismo\",\"publisher\":{\"@id\":\"https:\\\/\\\/brujulainformativadigital.lat\\\/#organization\"},\"potentialAction\":[{\"@type\":\"SearchAction\",\"target\":{\"@type\":\"EntryPoint\",\"urlTemplate\":\"https:\\\/\\\/brujulainformativadigital.lat\\\/?s={search_term_string}\"},\"query-input\":{\"@type\":\"PropertyValueSpecification\",\"valueRequired\":true,\"valueName\":\"search_term_string\"}}],\"inLanguage\":\"es\"},{\"@type\":\"Organization\",\"@id\":\"https:\\\/\\\/brujulainformativadigital.lat\\\/#organization\",\"name\":\"Br\u00fajula Informativa Digital\",\"url\":\"https:\\\/\\\/brujulainformativadigital.lat\\\/\",\"logo\":{\"@type\":\"ImageObject\",\"inLanguage\":\"es\",\"@id\":\"https:\\\/\\\/brujulainformativadigital.lat\\\/#\\\/schema\\\/logo\\\/image\\\/\",\"url\":\"https:\\\/\\\/brujulainformativadigital.lat\\\/wp-content\\\/uploads\\\/2026\\\/07\\\/cropped-cropped-cropped-cropped-BackgroundEraser_20260724_021843796-2.png\",\"contentUrl\":\"https:\\\/\\\/brujulainformativadigital.lat\\\/wp-content\\\/uploads\\\/2026\\\/07\\\/cropped-cropped-cropped-cropped-BackgroundEraser_20260724_021843796-2.png\",\"width\":1894,\"height\":1896,\"caption\":\"Br\u00fajula Informativa Digital\"},\"image\":{\"@id\":\"https:\\\/\\\/brujulainformativadigital.lat\\\/#\\\/schema\\\/logo\\\/image\\\/\"},\"sameAs\":[\"https:\\\/\\\/www.facebook.com\\\/p\\\/Brjula-Informativa-Digital-100085876965234\\\/\",\"https:\\\/\\\/www.instagram.com\\\/brujulainformativadigital\\\/\"]},{\"@type\":\"Person\",\"@id\":\"https:\\\/\\\/brujulainformativadigital.lat\\\/#\\\/schema\\\/person\\\/51cc34dd75e270eec12558bb60900d2b\",\"name\":\"brujula1\",\"image\":{\"@type\":\"ImageObject\",\"inLanguage\":\"es\",\"@id\":\"https:\\\/\\\/secure.gravatar.com\\\/avatar\\\/7e5c45ac46bcd78760a935e9ae7f3df83da35ffae9cbccfbee5a9c3137b68312?s=96&d=mm&r=g\",\"url\":\"https:\\\/\\\/secure.gravatar.com\\\/avatar\\\/7e5c45ac46bcd78760a935e9ae7f3df83da35ffae9cbccfbee5a9c3137b68312?s=96&d=mm&r=g\",\"contentUrl\":\"https:\\\/\\\/secure.gravatar.com\\\/avatar\\\/7e5c45ac46bcd78760a935e9ae7f3df83da35ffae9cbccfbee5a9c3137b68312?s=96&d=mm&r=g\",\"caption\":\"brujula1\"},\"sameAs\":[\"https:\\\/\\\/brujulainformativadigital.lat\"],\"url\":\"https:\\\/\\\/brujulainformativadigital.lat\\\/?author=1\"}]}<\/script>\n<!-- \/ Yoast SEO plugin. -->","yoast_head_json":{"title":"Carlos Reyes: \"La prioridad de cualquier proceso de negociaci\u00f3n tiene que ser la libertad plena de los presos pol\u00edticos\" - Br\u00fajula Informativa Digital","robots":{"index":"index","follow":"follow","max-snippet":"max-snippet:-1","max-image-preview":"max-image-preview:large","max-video-preview":"max-video-preview:-1"},"canonical":"https:\/\/brujulainformativadigital.lat\/?p=1388","og_locale":"es_ES","og_type":"article","og_title":"Carlos Reyes: \"La prioridad de cualquier proceso de negociaci\u00f3n tiene que ser la libertad plena de los presos pol\u00edticos\" - Br\u00fajula Informativa Digital","og_description":"Durante la actividad masiva, el vocero principal de Proyecto Venezuela en Caron\u00ed, destac\u00f3 que con la reorganizaci\u00f3n de la dirigencia local busca dinamizar el trabajo de bases en las parroquias de la municipalidad. Prensa Proyecto Venezuela Caron\u00ed La dirigencia del partido Proyecto Venezuela en el municipio Caron\u00ed, encabezada por el l\u00edder pol\u00edtico Carlos Reyes anunci\u00f3 [&hellip;]","og_url":"https:\/\/brujulainformativadigital.lat\/?p=1388","og_site_name":"Br\u00fajula Informativa Digital","article_publisher":"https:\/\/www.facebook.com\/p\/Brjula-Informativa-Digital-100085876965234\/","article_published_time":"2026-08-24T05:53:44+00:00","article_modified_time":"2026-08-24T05:55:58+00:00","og_image":[{"width":2560,"height":1152,"url":"https:\/\/brujulainformativadigital.lat\/wp-content\/uploads\/2026\/08\/WhatsApp-Image-2026-08-23-at-14.53.03.jpeg","type":"image\/jpeg"}],"author":"brujula1","twitter_card":"summary_large_image","twitter_misc":{"Escrito por":"brujula1","Tiempo estimado de lectura":"5 minutos"},"schema":{"@context":"https:\/\/schema.org","@graph":[{"@type":"Article","@id":"https:\/\/brujulainformativadigital.lat\/?p=1388#article","isPartOf":{"@id":"https:\/\/brujulainformativadigital.lat\/?p=1388"},"author":{"name":"brujula1","@id":"https:\/\/brujulainformativadigital.lat\/#\/schema\/person\/51cc34dd75e270eec12558bb60900d2b"},"headline":"Carlos Reyes: \u00abLa prioridad de cualquier proceso de negociaci\u00f3n tiene que ser la libertad plena de los presos pol\u00edticos\u00bb","datePublished":"2026-08-24T05:53:44+00:00","dateModified":"2026-08-24T05:55:58+00:00","mainEntityOfPage":{"@id":"https:\/\/brujulainformativadigital.lat\/?p=1388"},"wordCount":822,"commentCount":0,"publisher":{"@id":"https:\/\/brujulainformativadigital.lat\/#organization"},"image":{"@id":"https:\/\/brujulainformativadigital.lat\/?p=1388#primaryimage"},"thumbnailUrl":"https:\/\/brujulainformativadigital.lat\/wp-content\/uploads\/2026\/08\/WhatsApp-Image-2026-08-23-at-14.53.03.jpeg","keywords":["Carlos Reyes","libertad","negociaci\u00f3n","pol\u00edticos","presos","prioridad","proceso"],"articleSection":["Noticias","Pol\u00edtica","Regionales"],"inLanguage":"es","potentialAction":[{"@type":"CommentAction","name":"Comment","target":["https:\/\/brujulainformativadigital.lat\/?p=1388#respond"]}]},{"@type":"WebPage","@id":"https:\/\/brujulainformativadigital.lat\/?p=1388","url":"https:\/\/brujulainformativadigital.lat\/?p=1388","name":"Carlos Reyes: \"La prioridad de cualquier proceso de negociaci\u00f3n tiene que ser la libertad plena de los presos pol\u00edticos\" - Br\u00fajula Informativa Digital","isPartOf":{"@id":"https:\/\/brujulainformativadigital.lat\/#website"},"primaryImageOfPage":{"@id":"https:\/\/brujulainformativadigital.lat\/?p=1388#primaryimage"},"image":{"@id":"https:\/\/brujulainformativadigital.lat\/?p=1388#primaryimage"},"thumbnailUrl":"https:\/\/brujulainformativadigital.lat\/wp-content\/uploads\/2026\/08\/WhatsApp-Image-2026-08-23-at-14.53.03.jpeg","datePublished":"2026-08-24T05:53:44+00:00","dateModified":"2026-08-24T05:55:58+00:00","breadcrumb":{"@id":"https:\/\/brujulainformativadigital.lat\/?p=1388#breadcrumb"},"inLanguage":"es","potentialAction":[{"@type":"ReadAction","target":["https:\/\/brujulainformativadigital.lat\/?p=1388"]}]},{"@type":"ImageObject","inLanguage":"es","@id":"https:\/\/brujulainformativadigital.lat\/?p=1388#primaryimage","url":"https:\/\/brujulainformativadigital.lat\/wp-content\/uploads\/2026\/08\/WhatsApp-Image-2026-08-23-at-14.53.03.jpeg","contentUrl":"https:\/\/brujulainformativadigital.lat\/wp-content\/uploads\/2026\/08\/WhatsApp-Image-2026-08-23-at-14.53.03.jpeg","width":2560,"height":1152},{"@type":"BreadcrumbList","@id":"https:\/\/brujulainformativadigital.lat\/?p=1388#breadcrumb","itemListElement":[{"@type":"ListItem","position":1,"name":"Portada","item":"https:\/\/brujulainformativadigital.lat\/"},{"@type":"ListItem","position":2,"name":"Carlos Reyes: \u00abLa prioridad de cualquier proceso de negociaci\u00f3n tiene que ser la libertad plena de los presos pol\u00edticos\u00bb"}]},{"@type":"WebSite","@id":"https:\/\/brujulainformativadigital.lat\/#website","url":"https:\/\/brujulainformativadigital.lat\/","name":"Br\u00fajula Informativa Digital","description":"Haciendo un nuevo periodismo","publisher":{"@id":"https:\/\/brujulainformativadigital.lat\/#organization"},"potentialAction":[{"@type":"SearchAction","target":{"@type":"EntryPoint","urlTemplate":"https:\/\/brujulainformativadigital.lat\/?s={search_term_string}"},"query-input":{"@type":"PropertyValueSpecification","valueRequired":true,"valueName":"search_term_string"}}],"inLanguage":"es"},{"@type":"Organization","@id":"https:\/\/brujulainformativadigital.lat\/#organization","name":"Br\u00fajula Informativa Digital","url":"https:\/\/brujulainformativadigital.lat\/","logo":{"@type":"ImageObject","inLanguage":"es","@id":"https:\/\/brujulainformativadigital.lat\/#\/schema\/logo\/image\/","url":"https:\/\/brujulainformativadigital.lat\/wp-content\/uploads\/2026\/07\/cropped-cropped-cropped-cropped-BackgroundEraser_20260724_021843796-2.png","contentUrl":"https:\/\/brujulainformativadigital.lat\/wp-content\/uploads\/2026\/07\/cropped-cropped-cropped-cropped-BackgroundEraser_20260724_021843796-2.png","width":1894,"height":1896,"caption":"Br\u00fajula Informativa Digital"},"image":{"@id":"https:\/\/brujulainformativadigital.lat\/#\/schema\/logo\/image\/"},"sameAs":["https:\/\/www.facebook.com\/p\/Brjula-Informativa-Digital-100085876965234\/","https:\/\/www.instagram.com\/brujulainformativadigital\/"]},{"@type":"Person","@id":"https:\/\/brujulainformativadigital.lat\/#\/schema\/person\/51cc34dd75e270eec12558bb60900d2b","name":"brujula1","image":{"@type":"ImageObject","inLanguage":"es","@id":"https:\/\/secure.gravatar.com\/avatar\/7e5c45ac46bcd78760a935e9ae7f3df83da35ffae9cbccfbee5a9c3137b68312?s=96&d=mm&r=g","url":"https:\/\/secure.gravatar.com\/avatar\/7e5c45ac46bcd78760a935e9ae7f3df83da35ffae9cbccfbee5a9c3137b68312?s=96&d=mm&r=g","contentUrl":"https:\/\/secure.gravatar.com\/avatar\/7e5c45ac46bcd78760a935e9ae7f3df83da35ffae9cbccfbee5a9c3137b68312?s=96&d=mm&r=g","caption":"brujula1"},"sameAs":["https:\/\/brujulainformativadigital.lat"],"url":"https:\/\/brujulainformativadigital.lat\/?author=1"}]}},"_links":{"self":[{"href":"https:\/\/brujulainformativadigital.lat\/index.php?rest_route=\/wp\/v2\/posts\/1388","targetHints":{"allow":["GET"]}}],"collection":[{"href":"https:\/\/brujulainformativadigital.lat\/index.php?rest_route=\/wp\/v2\/posts"}],"about":[{"href":"https:\/\/brujulainformativadigital.lat\/index.php?rest_route=\/wp\/v2\/types\/post"}],"author":[{"embeddable":true,"href":"https:\/\/brujulainformativadigital.lat\/index.php?rest_route=\/wp\/v2\/users\/1"}],"replies":[{"embeddable":true,"href":"https:\/\/brujulainformativadigital.lat\/index.php?rest_route=%2Fwp%2Fv2%2Fcomments&post=1388"}],"version-history":[{"count":2,"href":"https:\/\/brujulainformativadigital.lat\/index.php?rest_route=\/wp\/v2\/posts\/1388\/revisions"}],"predecessor-version":[{"id":1394,"href":"https:\/\/brujulainformativadigital.lat\/index.php?rest_route=\/wp\/v2\/posts\/1388\/revisions\/1394"}],"wp:featuredmedia":[{"embeddable":true,"href":"https:\/\/brujulainformativadigital.lat\/index.php?rest_route=\/wp\/v2\/media\/1389"}],"wp:attachment":[{"href":"https:\/\/brujulainformativadigital.lat\/index.php?rest_route=%2Fwp%2Fv2%2Fmedia&parent=1388"}],"wp:term":[{"taxonomy":"category","embeddable":true,"href":"https:\/\/brujulainformativadigital.lat\/index.php?rest_route=%2Fwp%2Fv2%2Fcategories&post=1388"},{"taxonomy":"post_tag","embeddable":true,"href":"https:\/\/brujulainformativadigital.lat\/index.php?rest_route=%2Fwp%2Fv2%2Ftags&post=1388"}],"curies":[{"name":"wp","href":"https:\/\/api.w.org\/{rel}","templated":true}]}}