{"id":1396,"date":"2026-09-01T15:00:38","date_gmt":"2026-09-01T19:00:38","guid":{"rendered":"https:\/\/brujulainformativadigital.lat\/?p=1396"},"modified":"2026-09-01T15:02:34","modified_gmt":"2026-09-01T19:02:34","slug":"el-remate-de-guayana-entre-la-fe-de-tarima-y-la-estafa-petrolera","status":"publish","type":"post","link":"https:\/\/brujulainformativadigital.lat\/?p=1396","title":{"rendered":"El remate de Guayana \u201cEntre la fe de tarima y la estafa petrolera\u201d"},"content":{"rendered":"\n<p class=\"has-medium-font-size wp-block-paragraph\"><strong>Por: Yanitza Mart\u00ednez<\/strong><\/p>\n\n\n<div class=\"wp-block-image\">\n<figure class=\"alignleft size-full is-resized\"><img loading=\"lazy\" decoding=\"async\" width=\"742\" height=\"898\" src=\"https:\/\/brujulainformativadigital.lat\/wp-content\/uploads\/2026\/09\/ym-2.png\" alt=\"\" class=\"wp-image-1399\" style=\"aspect-ratio:0.8262889896769526;width:268px;height:auto\" srcset=\"https:\/\/brujulainformativadigital.lat\/wp-content\/uploads\/2026\/09\/ym-2.png 742w, https:\/\/brujulainformativadigital.lat\/wp-content\/uploads\/2026\/09\/ym-2-248x300.png 248w\" sizes=\"auto, (max-width: 742px) 100vw, 742px\" \/><\/figure>\n<\/div>\n\n\n<p class=\"has-medium-font-size wp-block-paragraph\"><strong>Periodista, activista pol\u00edtico, defensora de los DDHH y miembro de la Red de Mujeres Acci\u00f3n Femenina.<\/strong><\/p>\n\n\n\n<p class=\"has-medium-font-size wp-block-paragraph\"><strong>Twitter:<\/strong> <em>@Yanitzamartnez<\/em><\/p>\n\n\n\n<p class=\"has-medium-font-size wp-block-paragraph\"><strong>Tik Tok:<\/strong> <em>@ladamadeacero<\/em><\/p>\n\n\n\n<p class=\"has-medium-font-size wp-block-paragraph\"><strong>A<\/strong>rranco mis comentarios de esta semana, d\u00e1ndole gracias a Dios por una semana de muchas bendiciones, pero de muchos acontecimientos, igualmente a mis lectores que, en mi activismo de calle, en Ciudad Bol\u00edvar me agasajan con felicitaciones como otros me critican, es parte de la democracia y el debate, que siempre estoy atenta pero lo importante que ellos tambi\u00e9n me leen.<\/p>\n\n\n\n<p class=\"has-medium-font-size wp-block-paragraph\">Recientemente desde el emblem\u00e1tico Mirador Angostura, frente al majestuoso e hist\u00f3rico r\u00edo Orinoco, las autoridades de nuestro estado Bol\u00edvar montaron un Evento Religioso por la Paz de Venezuela. La gobernadora, Yulisbeth Garc\u00eda y el alcalde de Ciudad Bol\u00edvar, Sergio Hern\u00e1ndez, convocaron a un <strong>\u00abaltar de adoraci\u00f3n\u00bb<\/strong> para clamar por la paz y encomendarse al proyecto gubernamental que lidera Delcy Rodr\u00edguez.<\/p>\n\n\n\n<p class=\"has-medium-font-size wp-block-paragraph\">Como mujer de fe y seguidora de Jesucristo, no puedo callar ante semejante distorsi\u00f3n. La Palabra viva nos ense\u00f1a a orar por quienes gobiernan y nos recuerda que la verdadera Paz no nace de la propaganda pol\u00edtica ni de promesas electorales, sino de la verdad y la justicia social. En el manual de la vida, La Biblia deja asentado con el profeta Jerem\u00edas que gobernar en el temor de Dios exige hacer juicio, librar al oprimido y defender al necesitado, no usar la piedad como utiler\u00eda mientras el pueblo padece de hambre y miedo.<\/p>\n\n\n\n<p class=\"has-medium-font-size wp-block-paragraph\">Se\u00f1ora Gobernadora, el culto superficial jam\u00e1s sustituir\u00e1 la gesti\u00f3n p\u00fablica. La verdadera adoraci\u00f3n exige hechos concretos: salarios dignos para los maestros, m\u00e9dicos, enfermeros y trabajadores p\u00fablicos de nuestro estado, un sistema de salud que no est\u00e9 por el suelo y el cese de la opresi\u00f3n. <strong><em>\u00bfUsted y su equipo gobiernan bajo el temor del Alt\u00edsimo o sumisos al af\u00e1n del proyecto pol\u00edtico Chavomadurista?<\/em><\/strong> No confundan la devoci\u00f3n popular con complicidad. Bol\u00edvar no necesita m\u00e1s discursos religiosos en campa\u00f1a; necesita justicia, verdad y dignidad humana.<\/p>\n\n\n\n<p class=\"has-medium-font-size wp-block-paragraph\"><strong>El petr\u00f3leo no es de Trump ni de Delcy: La violaci\u00f3n flagrante de la Carta Magna<\/strong><\/p>\n\n\n\n<p class=\"has-medium-font-size wp-block-paragraph\">Mientras en la tarima del Mirador de Angostura se levantaban oraciones de utiler\u00eda, tras bastidores se negociaba el remate de la soberan\u00eda nacional. El anuncio de una supuesta \u00abconcesi\u00f3n a 100 a\u00f1os\u00bb otorgada a Estados Unidos para controlar m\u00e1s de 65.000 millones de barriles de nuestras reservas probadas de crudo otorgando un 55% de participaci\u00f3n accionaria a trav\u00e9s de la Oficina de Capital Estrat\u00e9gico del Pent\u00e1gono y socios cuestionados (Boliburqueses rojos) no es m\u00e1s que una entrega ap\u00e1trida.<\/p>\n\n\n\n<figure class=\"wp-block-gallery has-nested-images columns-default is-cropped wp-block-gallery-1 is-layout-flex wp-block-gallery-is-layout-flex\">\n<figure class=\"wp-block-image size-full\"><img loading=\"lazy\" decoding=\"async\" width=\"452\" height=\"409\" data-id=\"1400\" src=\"https:\/\/brujulainformativadigital.lat\/wp-content\/uploads\/2026\/09\/WhatsApp-Image-2026-08-30-at-9.28.37-PM.jpeg\" alt=\"\" class=\"wp-image-1400\" srcset=\"https:\/\/brujulainformativadigital.lat\/wp-content\/uploads\/2026\/09\/WhatsApp-Image-2026-08-30-at-9.28.37-PM.jpeg 452w, https:\/\/brujulainformativadigital.lat\/wp-content\/uploads\/2026\/09\/WhatsApp-Image-2026-08-30-at-9.28.37-PM-300x271.jpeg 300w\" sizes=\"auto, (max-width: 452px) 100vw, 452px\" \/><\/figure>\n\n\n\n<figure class=\"wp-block-image size-large\"><img loading=\"lazy\" decoding=\"async\" width=\"1024\" height=\"627\" data-id=\"1401\" src=\"https:\/\/brujulainformativadigital.lat\/wp-content\/uploads\/2026\/09\/695e6797ea6a6761f80395a3-1024x627.jpg\" alt=\"\" class=\"wp-image-1401\" srcset=\"https:\/\/brujulainformativadigital.lat\/wp-content\/uploads\/2026\/09\/695e6797ea6a6761f80395a3-1024x627.jpg 1024w, https:\/\/brujulainformativadigital.lat\/wp-content\/uploads\/2026\/09\/695e6797ea6a6761f80395a3-300x184.jpg 300w, https:\/\/brujulainformativadigital.lat\/wp-content\/uploads\/2026\/09\/695e6797ea6a6761f80395a3-767x470.jpg 767w, https:\/\/brujulainformativadigital.lat\/wp-content\/uploads\/2026\/09\/695e6797ea6a6761f80395a3.jpg 1200w\" sizes=\"auto, (max-width: 1024px) 100vw, 1024px\" \/><\/figure>\n<\/figure>\n\n\n\n<p class=\"has-medium-font-size wp-block-paragraph\">Aqu\u00ed no hay \u00abacto hist\u00f3rico\u00bb ni motivo de j\u00fabilo; hay una flagrante violaci\u00f3n a la Constituci\u00f3n de la Rep\u00fablica Bolivariana de Venezuela. Entregar el control operativo y mayoritario de nuestros recursos por un siglo, sin la aprobaci\u00f3n de una Asamblea Nacional leg\u00edtima y bajo la sombra de un gobierno interino carente de legitimidad de origen, es nulo de toda nulidad. Ninguna potencia extranjera ni ning\u00fan grupo econ\u00f3mico privatizador puede pasar por encima del texto constitucional que el pueblo venezolano vot\u00f3 y jur\u00f3 defender.<\/p>\n\n\n\n<p class=\"has-medium-font-size wp-block-paragraph\"><strong>Negocios de liquidaci\u00f3n a precio de gallina flaca<\/strong><\/p>\n\n\n\n<p class=\"has-medium-font-size wp-block-paragraph\">El an\u00e1lisis fr\u00edo de las cifras deja al desnudo la magnitud de esta gran estafa. Los voceros de esta negociaci\u00f3n celebran una supuesta ganancia tributaria de 209.000 millones de d\u00f3lares para la Naci\u00f3n. Sin embargo, economistas y expertos petroleros han desmontado la trampa: esa cifra representa escasos 3,2 d\u00f3lares por barril de petr\u00f3leo, lo que equivale a apenas un 4,7% del valor actual del crudo en el mercado internacional.<\/p>\n\n\n\n<p class=\"has-medium-font-size wp-block-paragraph\">Esta regal\u00eda nominal es una tasa inferior, incluso, a las concesiones entreguistas concedidas durante la dictadura de Juan Vicente G\u00f3mez a principios del siglo XX. Estamos presenciando el remate de nuestro patrimonio p\u00fablico a precio de costo para complacer intereses electorales en la Casa Blanca y rellenar la reserva estrat\u00e9gica norteamericana, todo mientras se eval\u00faa en la penumbra sacar a Venezuela de la OPEP.<\/p>\n\n\n\n<p class=\"has-medium-font-size wp-block-paragraph\">Ninguna empresa internacional seria, ni ning\u00fan inversionista de peso arriesgar\u00e1 capital a 100 a\u00f1os bas\u00e1ndose en acuerdos \u00edrritos. Como lo estipula la ley, cualquier compromiso asumido al margen de las instituciones democr\u00e1ticas y sin transparencia p\u00fablica podr\u00e1 y deber\u00e1 ser anulado y revisado por las futuras generaciones. La soberan\u00eda no se subasta por un cheque en blanco.<\/p>\n\n\n\n<p class=\"has-medium-font-size wp-block-paragraph\"><strong>La ecocida entrega del Sur del Orinoco: Sangre, colt\u00e1n y abandono<\/strong><\/p>\n\n\n\n<p class=\"has-medium-font-size wp-block-paragraph\">Cierro mis comentarios con este segmento que es de mucha importancia para m\u00ed porque esta pol\u00edtica extractivista y violatoria de los derechos fundamentales se realiza al sur del Orinoco, regi\u00f3n que siempre se ha visualizado como la segunda alternativa no petrolera pero que ha servido para el saqueo de nuestros minerales al mejor estilo de las conquistas medievales de la historia contempor\u00e1nea. A meses de la captura de Nicolas Maduro, la realidad en las zonas mineras del estado Bol\u00edvar no ha mejorado en absoluto; se ha agravado tr\u00e1gicamente. La miner\u00eda ilegal y devastadora contin\u00faa expandi\u00e9ndose impunemente sobre \u00e1reas protegidas como el Parque Nacional Canaima y los territorios ancestrales ind\u00edgenas.<\/p>\n\n\n\n<p class=\"has-medium-font-size wp-block-paragraph\">Se viola sistem\u00e1ticamente el <strong>Art\u00edculo 127 de nuestra CRBV<\/strong>, que consagra el derecho y el deber de cada generaci\u00f3n de proteger el medio ambiente para s\u00ed y para el futuro. Las cabeceras de nuestros r\u00edos vitales, el Caron\u00ed, la Paragua, el Caura, el Cuyun\u00ed y el propio Orinoco sufren una contaminaci\u00f3n irreversible de mercurio o cianuro. Paralelamente, la violencia azota a las comunidades: el crimen organizado, grupos armados como el Tren de Aragua y guerrillas extranjeras se disputan el control del oro, la bauxita en Los Pijiguaos y los minerales cr\u00edticos como el colt\u00e1n, tierras raras cobrando la vida de l\u00edderes ind\u00edgenas.<\/p>\n\n\n\n<p class=\"has-medium-font-size wp-block-paragraph\">M\u00e1gicamente, las licencias internacionales emitidas para el oro no exigen certificaci\u00f3n de origen libre de conflicto, mientras la opacidad rodea a empresas estatales como Minerven y a la Corporaci\u00f3n Venezolana de Miner\u00eda. Mientras se clama a Dios por la Paz en un acto politiquero se desangra la ecolog\u00eda de Guayana y se asesinan gente; <strong><em>\u00bfser\u00e1 que los pastores y ministros que participaron ese evento no se dan cuenta de eso?,<\/em><\/strong> Que la Misericordia y el juicio de Dios sea para ellos.<\/p>\n\n\n\n<p class=\"has-medium-font-size wp-block-paragraph\">El pueblo Guayan\u00e9s, Bolivarense exige el cese de la hipocres\u00eda, el respeto irrestricto a la Constituci\u00f3n, el cumplimiento de la gesti\u00f3n p\u00fablica y la restituci\u00f3n del Estado de Derecho sobre cada cent\u00edmetro de nuestro territorio. Seguir\u00e9 clamando, como muchos cristianos, no religiosos por la libertad de Venezuela, de Gobernantes que cumplan su rol de justicia y democracia y tengan al Verdadero Dios en su accionar porque por sus frutos lo conoceremos.<\/p>\n\n\n\n<p class=\"has-medium-font-size wp-block-paragraph\">Se han firmado acuerdos con Estados Unidos y hay informaciones que el pueblo venezolano no sabe, detalles que obvian. Fin de mis comentarios, nos vemos la pr\u00f3xima semana\u2026<\/p>\n\n\n\n<p class=\"wp-block-paragraph\"><\/p>\n","protected":false},"excerpt":{"rendered":"<p>Por: Yanitza Mart\u00ednez Periodista, activista pol\u00edtico, defensora de los DDHH y miembro de la Red de Mujeres Acci\u00f3n Femenina. Twitter: @Yanitzamartnez Tik Tok: @ladamadeacero Arranco mis comentarios de esta semana, d\u00e1ndole gracias a Dios por una semana de muchas bendiciones, pero de muchos acontecimientos, igualmente a mis lectores que, en mi activismo de calle, en [&hellip;]<\/p>\n","protected":false},"author":1,"featured_media":1399,"comment_status":"open","ping_status":"open","sticky":false,"template":"","format":"standard","meta":{"footnotes":""},"categories":[676,8],"tags":[719,507,720,718],"class_list":["post-1396","post","type-post","status-publish","format-standard","has-post-thumbnail","hentry","category-articulos","category-opinion","tag-estafa","tag-guayana","tag-petrolera","tag-remate"],"yoast_head":"<!-- This site is optimized with the Yoast SEO plugin v27.9 - https:\/\/yoast.com\/product\/yoast-seo-wordpress\/ -->\n<title>El remate de Guayana \u201cEntre la fe de tarima y la estafa petrolera\u201d - Br\u00fajula Informativa Digital<\/title>\n<meta name=\"robots\" content=\"index, follow, max-snippet:-1, max-image-preview:large, max-video-preview:-1\" \/>\n<link rel=\"canonical\" href=\"https:\/\/brujulainformativadigital.lat\/?p=1396\" \/>\n<meta property=\"og:locale\" content=\"es_ES\" \/>\n<meta property=\"og:type\" content=\"article\" \/>\n<meta property=\"og:title\" content=\"El remate de Guayana \u201cEntre la fe de tarima y la estafa petrolera\u201d - Br\u00fajula Informativa Digital\" \/>\n<meta property=\"og:description\" content=\"Por: Yanitza Mart\u00ednez Periodista, activista pol\u00edtico, defensora de los DDHH y miembro de la Red de Mujeres Acci\u00f3n Femenina. Twitter: @Yanitzamartnez Tik Tok: @ladamadeacero Arranco mis comentarios de esta semana, d\u00e1ndole gracias a Dios por una semana de muchas bendiciones, pero de muchos acontecimientos, igualmente a mis lectores que, en mi activismo de calle, en [&hellip;]\" \/>\n<meta property=\"og:url\" content=\"https:\/\/brujulainformativadigital.lat\/?p=1396\" \/>\n<meta property=\"og:site_name\" content=\"Br\u00fajula Informativa Digital\" \/>\n<meta property=\"article:publisher\" content=\"https:\/\/www.facebook.com\/p\/Brjula-Informativa-Digital-100085876965234\/\" \/>\n<meta property=\"article:published_time\" content=\"2026-09-01T19:00:38+00:00\" \/>\n<meta property=\"article:modified_time\" content=\"2026-09-01T19:02:34+00:00\" \/>\n<meta property=\"og:image\" content=\"https:\/\/brujulainformativadigital.lat\/wp-content\/uploads\/2026\/09\/ym-2.png\" \/>\n\t<meta property=\"og:image:width\" content=\"742\" \/>\n\t<meta property=\"og:image:height\" content=\"898\" \/>\n\t<meta property=\"og:image:type\" content=\"image\/png\" \/>\n<meta name=\"author\" content=\"brujula1\" \/>\n<meta name=\"twitter:card\" content=\"summary_large_image\" \/>\n<meta name=\"twitter:label1\" content=\"Escrito por\" \/>\n\t<meta name=\"twitter:data1\" content=\"brujula1\" \/>\n\t<meta name=\"twitter:label2\" content=\"Tiempo estimado de lectura\" \/>\n\t<meta name=\"twitter:data2\" content=\"6 minutos\" \/>\n<script type=\"application\/ld+json\" class=\"yoast-schema-graph\">{\"@context\":\"https:\\\/\\\/schema.org\",\"@graph\":[{\"@type\":\"Article\",\"@id\":\"https:\\\/\\\/brujulainformativadigital.lat\\\/?p=1396#article\",\"isPartOf\":{\"@id\":\"https:\\\/\\\/brujulainformativadigital.lat\\\/?p=1396\"},\"author\":{\"name\":\"brujula1\",\"@id\":\"https:\\\/\\\/brujulainformativadigital.lat\\\/#\\\/schema\\\/person\\\/51cc34dd75e270eec12558bb60900d2b\"},\"headline\":\"El remate de Guayana \u201cEntre la fe de tarima y la estafa petrolera\u201d\",\"datePublished\":\"2026-09-01T19:00:38+00:00\",\"dateModified\":\"2026-09-01T19:02:34+00:00\",\"mainEntityOfPage\":{\"@id\":\"https:\\\/\\\/brujulainformativadigital.lat\\\/?p=1396\"},\"wordCount\":1213,\"commentCount\":0,\"publisher\":{\"@id\":\"https:\\\/\\\/brujulainformativadigital.lat\\\/#organization\"},\"image\":{\"@id\":\"https:\\\/\\\/brujulainformativadigital.lat\\\/?p=1396#primaryimage\"},\"thumbnailUrl\":\"https:\\\/\\\/brujulainformativadigital.lat\\\/wp-content\\\/uploads\\\/2026\\\/09\\\/ym-2.png\",\"keywords\":[\"estafa\",\"Guayana\",\"petrolera\",\"remate\"],\"articleSection\":[\"ART\u00cdCULOS\",\"OPINI\u00d3N\"],\"inLanguage\":\"es\",\"potentialAction\":[{\"@type\":\"CommentAction\",\"name\":\"Comment\",\"target\":[\"https:\\\/\\\/brujulainformativadigital.lat\\\/?p=1396#respond\"]}]},{\"@type\":\"WebPage\",\"@id\":\"https:\\\/\\\/brujulainformativadigital.lat\\\/?p=1396\",\"url\":\"https:\\\/\\\/brujulainformativadigital.lat\\\/?p=1396\",\"name\":\"El remate de Guayana \u201cEntre la fe de tarima y la estafa petrolera\u201d - Br\u00fajula Informativa Digital\",\"isPartOf\":{\"@id\":\"https:\\\/\\\/brujulainformativadigital.lat\\\/#website\"},\"primaryImageOfPage\":{\"@id\":\"https:\\\/\\\/brujulainformativadigital.lat\\\/?p=1396#primaryimage\"},\"image\":{\"@id\":\"https:\\\/\\\/brujulainformativadigital.lat\\\/?p=1396#primaryimage\"},\"thumbnailUrl\":\"https:\\\/\\\/brujulainformativadigital.lat\\\/wp-content\\\/uploads\\\/2026\\\/09\\\/ym-2.png\",\"datePublished\":\"2026-09-01T19:00:38+00:00\",\"dateModified\":\"2026-09-01T19:02:34+00:00\",\"breadcrumb\":{\"@id\":\"https:\\\/\\\/brujulainformativadigital.lat\\\/?p=1396#breadcrumb\"},\"inLanguage\":\"es\",\"potentialAction\":[{\"@type\":\"ReadAction\",\"target\":[\"https:\\\/\\\/brujulainformativadigital.lat\\\/?p=1396\"]}]},{\"@type\":\"ImageObject\",\"inLanguage\":\"es\",\"@id\":\"https:\\\/\\\/brujulainformativadigital.lat\\\/?p=1396#primaryimage\",\"url\":\"https:\\\/\\\/brujulainformativadigital.lat\\\/wp-content\\\/uploads\\\/2026\\\/09\\\/ym-2.png\",\"contentUrl\":\"https:\\\/\\\/brujulainformativadigital.lat\\\/wp-content\\\/uploads\\\/2026\\\/09\\\/ym-2.png\",\"width\":742,\"height\":898},{\"@type\":\"BreadcrumbList\",\"@id\":\"https:\\\/\\\/brujulainformativadigital.lat\\\/?p=1396#breadcrumb\",\"itemListElement\":[{\"@type\":\"ListItem\",\"position\":1,\"name\":\"Portada\",\"item\":\"https:\\\/\\\/brujulainformativadigital.lat\\\/\"},{\"@type\":\"ListItem\",\"position\":2,\"name\":\"El remate de Guayana \u201cEntre la fe de tarima y la estafa petrolera\u201d\"}]},{\"@type\":\"WebSite\",\"@id\":\"https:\\\/\\\/brujulainformativadigital.lat\\\/#website\",\"url\":\"https:\\\/\\\/brujulainformativadigital.lat\\\/\",\"name\":\"Br\u00fajula Informativa Digital\",\"description\":\"Haciendo un nuevo periodismo\",\"publisher\":{\"@id\":\"https:\\\/\\\/brujulainformativadigital.lat\\\/#organization\"},\"potentialAction\":[{\"@type\":\"SearchAction\",\"target\":{\"@type\":\"EntryPoint\",\"urlTemplate\":\"https:\\\/\\\/brujulainformativadigital.lat\\\/?s={search_term_string}\"},\"query-input\":{\"@type\":\"PropertyValueSpecification\",\"valueRequired\":true,\"valueName\":\"search_term_string\"}}],\"inLanguage\":\"es\"},{\"@type\":\"Organization\",\"@id\":\"https:\\\/\\\/brujulainformativadigital.lat\\\/#organization\",\"name\":\"Br\u00fajula Informativa Digital\",\"url\":\"https:\\\/\\\/brujulainformativadigital.lat\\\/\",\"logo\":{\"@type\":\"ImageObject\",\"inLanguage\":\"es\",\"@id\":\"https:\\\/\\\/brujulainformativadigital.lat\\\/#\\\/schema\\\/logo\\\/image\\\/\",\"url\":\"https:\\\/\\\/brujulainformativadigital.lat\\\/wp-content\\\/uploads\\\/2026\\\/07\\\/cropped-cropped-cropped-cropped-BackgroundEraser_20260724_021843796-2.png\",\"contentUrl\":\"https:\\\/\\\/brujulainformativadigital.lat\\\/wp-content\\\/uploads\\\/2026\\\/07\\\/cropped-cropped-cropped-cropped-BackgroundEraser_20260724_021843796-2.png\",\"width\":1894,\"height\":1896,\"caption\":\"Br\u00fajula Informativa Digital\"},\"image\":{\"@id\":\"https:\\\/\\\/brujulainformativadigital.lat\\\/#\\\/schema\\\/logo\\\/image\\\/\"},\"sameAs\":[\"https:\\\/\\\/www.facebook.com\\\/p\\\/Brjula-Informativa-Digital-100085876965234\\\/\",\"https:\\\/\\\/www.instagram.com\\\/brujulainformativadigital\\\/\"]},{\"@type\":\"Person\",\"@id\":\"https:\\\/\\\/brujulainformativadigital.lat\\\/#\\\/schema\\\/person\\\/51cc34dd75e270eec12558bb60900d2b\",\"name\":\"brujula1\",\"image\":{\"@type\":\"ImageObject\",\"inLanguage\":\"es\",\"@id\":\"https:\\\/\\\/secure.gravatar.com\\\/avatar\\\/7e5c45ac46bcd78760a935e9ae7f3df83da35ffae9cbccfbee5a9c3137b68312?s=96&d=mm&r=g\",\"url\":\"https:\\\/\\\/secure.gravatar.com\\\/avatar\\\/7e5c45ac46bcd78760a935e9ae7f3df83da35ffae9cbccfbee5a9c3137b68312?s=96&d=mm&r=g\",\"contentUrl\":\"https:\\\/\\\/secure.gravatar.com\\\/avatar\\\/7e5c45ac46bcd78760a935e9ae7f3df83da35ffae9cbccfbee5a9c3137b68312?s=96&d=mm&r=g\",\"caption\":\"brujula1\"},\"sameAs\":[\"https:\\\/\\\/brujulainformativadigital.lat\"],\"url\":\"https:\\\/\\\/brujulainformativadigital.lat\\\/?author=1\"}]}<\/script>\n<!-- \/ Yoast SEO plugin. -->","yoast_head_json":{"title":"El remate de Guayana \u201cEntre la fe de tarima y la estafa petrolera\u201d - Br\u00fajula Informativa Digital","robots":{"index":"index","follow":"follow","max-snippet":"max-snippet:-1","max-image-preview":"max-image-preview:large","max-video-preview":"max-video-preview:-1"},"canonical":"https:\/\/brujulainformativadigital.lat\/?p=1396","og_locale":"es_ES","og_type":"article","og_title":"El remate de Guayana \u201cEntre la fe de tarima y la estafa petrolera\u201d - Br\u00fajula Informativa Digital","og_description":"Por: Yanitza Mart\u00ednez Periodista, activista pol\u00edtico, defensora de los DDHH y miembro de la Red de Mujeres Acci\u00f3n Femenina. Twitter: @Yanitzamartnez Tik Tok: @ladamadeacero Arranco mis comentarios de esta semana, d\u00e1ndole gracias a Dios por una semana de muchas bendiciones, pero de muchos acontecimientos, igualmente a mis lectores que, en mi activismo de calle, en [&hellip;]","og_url":"https:\/\/brujulainformativadigital.lat\/?p=1396","og_site_name":"Br\u00fajula Informativa Digital","article_publisher":"https:\/\/www.facebook.com\/p\/Brjula-Informativa-Digital-100085876965234\/","article_published_time":"2026-09-01T19:00:38+00:00","article_modified_time":"2026-09-01T19:02:34+00:00","og_image":[{"width":742,"height":898,"url":"https:\/\/brujulainformativadigital.lat\/wp-content\/uploads\/2026\/09\/ym-2.png","type":"image\/png"}],"author":"brujula1","twitter_card":"summary_large_image","twitter_misc":{"Escrito por":"brujula1","Tiempo estimado de lectura":"6 minutos"},"schema":{"@context":"https:\/\/schema.org","@graph":[{"@type":"Article","@id":"https:\/\/brujulainformativadigital.lat\/?p=1396#article","isPartOf":{"@id":"https:\/\/brujulainformativadigital.lat\/?p=1396"},"author":{"name":"brujula1","@id":"https:\/\/brujulainformativadigital.lat\/#\/schema\/person\/51cc34dd75e270eec12558bb60900d2b"},"headline":"El remate de Guayana \u201cEntre la fe de tarima y la estafa petrolera\u201d","datePublished":"2026-09-01T19:00:38+00:00","dateModified":"2026-09-01T19:02:34+00:00","mainEntityOfPage":{"@id":"https:\/\/brujulainformativadigital.lat\/?p=1396"},"wordCount":1213,"commentCount":0,"publisher":{"@id":"https:\/\/brujulainformativadigital.lat\/#organization"},"image":{"@id":"https:\/\/brujulainformativadigital.lat\/?p=1396#primaryimage"},"thumbnailUrl":"https:\/\/brujulainformativadigital.lat\/wp-content\/uploads\/2026\/09\/ym-2.png","keywords":["estafa","Guayana","petrolera","remate"],"articleSection":["ART\u00cdCULOS","OPINI\u00d3N"],"inLanguage":"es","potentialAction":[{"@type":"CommentAction","name":"Comment","target":["https:\/\/brujulainformativadigital.lat\/?p=1396#respond"]}]},{"@type":"WebPage","@id":"https:\/\/brujulainformativadigital.lat\/?p=1396","url":"https:\/\/brujulainformativadigital.lat\/?p=1396","name":"El remate de Guayana \u201cEntre la fe de tarima y la estafa petrolera\u201d - Br\u00fajula Informativa Digital","isPartOf":{"@id":"https:\/\/brujulainformativadigital.lat\/#website"},"primaryImageOfPage":{"@id":"https:\/\/brujulainformativadigital.lat\/?p=1396#primaryimage"},"image":{"@id":"https:\/\/brujulainformativadigital.lat\/?p=1396#primaryimage"},"thumbnailUrl":"https:\/\/brujulainformativadigital.lat\/wp-content\/uploads\/2026\/09\/ym-2.png","datePublished":"2026-09-01T19:00:38+00:00","dateModified":"2026-09-01T19:02:34+00:00","breadcrumb":{"@id":"https:\/\/brujulainformativadigital.lat\/?p=1396#breadcrumb"},"inLanguage":"es","potentialAction":[{"@type":"ReadAction","target":["https:\/\/brujulainformativadigital.lat\/?p=1396"]}]},{"@type":"ImageObject","inLanguage":"es","@id":"https:\/\/brujulainformativadigital.lat\/?p=1396#primaryimage","url":"https:\/\/brujulainformativadigital.lat\/wp-content\/uploads\/2026\/09\/ym-2.png","contentUrl":"https:\/\/brujulainformativadigital.lat\/wp-content\/uploads\/2026\/09\/ym-2.png","width":742,"height":898},{"@type":"BreadcrumbList","@id":"https:\/\/brujulainformativadigital.lat\/?p=1396#breadcrumb","itemListElement":[{"@type":"ListItem","position":1,"name":"Portada","item":"https:\/\/brujulainformativadigital.lat\/"},{"@type":"ListItem","position":2,"name":"El remate de Guayana \u201cEntre la fe de tarima y la estafa petrolera\u201d"}]},{"@type":"WebSite","@id":"https:\/\/brujulainformativadigital.lat\/#website","url":"https:\/\/brujulainformativadigital.lat\/","name":"Br\u00fajula Informativa Digital","description":"Haciendo un nuevo periodismo","publisher":{"@id":"https:\/\/brujulainformativadigital.lat\/#organization"},"potentialAction":[{"@type":"SearchAction","target":{"@type":"EntryPoint","urlTemplate":"https:\/\/brujulainformativadigital.lat\/?s={search_term_string}"},"query-input":{"@type":"PropertyValueSpecification","valueRequired":true,"valueName":"search_term_string"}}],"inLanguage":"es"},{"@type":"Organization","@id":"https:\/\/brujulainformativadigital.lat\/#organization","name":"Br\u00fajula Informativa Digital","url":"https:\/\/brujulainformativadigital.lat\/","logo":{"@type":"ImageObject","inLanguage":"es","@id":"https:\/\/brujulainformativadigital.lat\/#\/schema\/logo\/image\/","url":"https:\/\/brujulainformativadigital.lat\/wp-content\/uploads\/2026\/07\/cropped-cropped-cropped-cropped-BackgroundEraser_20260724_021843796-2.png","contentUrl":"https:\/\/brujulainformativadigital.lat\/wp-content\/uploads\/2026\/07\/cropped-cropped-cropped-cropped-BackgroundEraser_20260724_021843796-2.png","width":1894,"height":1896,"caption":"Br\u00fajula Informativa Digital"},"image":{"@id":"https:\/\/brujulainformativadigital.lat\/#\/schema\/logo\/image\/"},"sameAs":["https:\/\/www.facebook.com\/p\/Brjula-Informativa-Digital-100085876965234\/","https:\/\/www.instagram.com\/brujulainformativadigital\/"]},{"@type":"Person","@id":"https:\/\/brujulainformativadigital.lat\/#\/schema\/person\/51cc34dd75e270eec12558bb60900d2b","name":"brujula1","image":{"@type":"ImageObject","inLanguage":"es","@id":"https:\/\/secure.gravatar.com\/avatar\/7e5c45ac46bcd78760a935e9ae7f3df83da35ffae9cbccfbee5a9c3137b68312?s=96&d=mm&r=g","url":"https:\/\/secure.gravatar.com\/avatar\/7e5c45ac46bcd78760a935e9ae7f3df83da35ffae9cbccfbee5a9c3137b68312?s=96&d=mm&r=g","contentUrl":"https:\/\/secure.gravatar.com\/avatar\/7e5c45ac46bcd78760a935e9ae7f3df83da35ffae9cbccfbee5a9c3137b68312?s=96&d=mm&r=g","caption":"brujula1"},"sameAs":["https:\/\/brujulainformativadigital.lat"],"url":"https:\/\/brujulainformativadigital.lat\/?author=1"}]}},"_links":{"self":[{"href":"https:\/\/brujulainformativadigital.lat\/index.php?rest_route=\/wp\/v2\/posts\/1396","targetHints":{"allow":["GET"]}}],"collection":[{"href":"https:\/\/brujulainformativadigital.lat\/index.php?rest_route=\/wp\/v2\/posts"}],"about":[{"href":"https:\/\/brujulainformativadigital.lat\/index.php?rest_route=\/wp\/v2\/types\/post"}],"author":[{"embeddable":true,"href":"https:\/\/brujulainformativadigital.lat\/index.php?rest_route=\/wp\/v2\/users\/1"}],"replies":[{"embeddable":true,"href":"https:\/\/brujulainformativadigital.lat\/index.php?rest_route=%2Fwp%2Fv2%2Fcomments&post=1396"}],"version-history":[{"count":3,"href":"https:\/\/brujulainformativadigital.lat\/index.php?rest_route=\/wp\/v2\/posts\/1396\/revisions"}],"predecessor-version":[{"id":1404,"href":"https:\/\/brujulainformativadigital.lat\/index.php?rest_route=\/wp\/v2\/posts\/1396\/revisions\/1404"}],"wp:featuredmedia":[{"embeddable":true,"href":"https:\/\/brujulainformativadigital.lat\/index.php?rest_route=\/wp\/v2\/media\/1399"}],"wp:attachment":[{"href":"https:\/\/brujulainformativadigital.lat\/index.php?rest_route=%2Fwp%2Fv2%2Fmedia&parent=1396"}],"wp:term":[{"taxonomy":"category","embeddable":true,"href":"https:\/\/brujulainformativadigital.lat\/index.php?rest_route=%2Fwp%2Fv2%2Fcategories&post=1396"},{"taxonomy":"post_tag","embeddable":true,"href":"https:\/\/brujulainformativadigital.lat\/index.php?rest_route=%2Fwp%2Fv2%2Ftags&post=1396"}],"curies":[{"name":"wp","href":"https:\/\/api.w.org\/{rel}","templated":true}]}}