{"id":1406,"date":"2026-09-02T02:01:38","date_gmt":"2026-09-02T06:01:38","guid":{"rendered":"https:\/\/brujulainformativadigital.lat\/?p=1406"},"modified":"2026-09-02T02:03:09","modified_gmt":"2026-09-02T06:03:09","slug":"asinsuopet-convoca-a-asamblea-nacional-para-avanzar-en-la-renovacion-de-sus-autoridades-sindicales","status":"publish","type":"post","link":"https:\/\/brujulainformativadigital.lat\/?p=1406","title":{"rendered":"ASINSUOPET convoca a asamblea nacional para avanzar en la renovaci\u00f3n de sus autoridades sindicales"},"content":{"rendered":"\n<p class=\"has-medium-font-size wp-block-paragraph\"><em><strong>\u00a0El encuentro est\u00e1 previsto para este s\u00e1bado 5 de septiembre en El Tigre, estado Anzo\u00e1tegui, con participaci\u00f3n presencial de la seccional anfitriona y representaci\u00f3n nacional mediante enlaces y delegados.<\/strong><\/em><\/p>\n\n\n\n<p class=\"has-text-color has-link-color has-medium-font-size wp-elements-1 wp-block-paragraph\" style=\"color:#810909\"><em><strong>Yhonny Rodr\u00edguez<\/strong><\/em><\/p>\n\n\n\n<p class=\"has-medium-font-size wp-block-paragraph\"><strong>\u00a0CNP 25.976<\/strong><\/p>\n\n\n\n<p class=\"has-medium-font-size wp-block-paragraph\">\u00a0<strong>El Tigre, Anzo\u00e1tegui.-<\/strong> La organizaci\u00f3n sindical <strong>ASINSUOPET<\/strong> convoc\u00f3 a sus trabajadores y afiliados a nivel nacional a participar en una Asamblea de Trabajadores, prevista para este s\u00e1bado 5 de septiembre, a las 5:00 de la tarde, en su sede sindical ubicada en la Carrera 11 Sur, entre calles 13 y 14, de El Tigre, estado Anzo\u00e1tegui.<\/p>\n\n\n<div class=\"wp-block-image\">\n<figure class=\"aligncenter size-full is-resized\"><img loading=\"lazy\" decoding=\"async\" width=\"960\" height=\"540\" src=\"https:\/\/brujulainformativadigital.lat\/wp-content\/uploads\/2026\/09\/WhatsApp-Image-2026-08-31-at-22.49.39.jpeg\" alt=\"\" class=\"wp-image-1407\" style=\"width:674px;height:auto\" srcset=\"https:\/\/brujulainformativadigital.lat\/wp-content\/uploads\/2026\/09\/WhatsApp-Image-2026-08-31-at-22.49.39.jpeg 960w, https:\/\/brujulainformativadigital.lat\/wp-content\/uploads\/2026\/09\/WhatsApp-Image-2026-08-31-at-22.49.39-300x169.jpeg 300w, https:\/\/brujulainformativadigital.lat\/wp-content\/uploads\/2026\/09\/WhatsApp-Image-2026-08-31-at-22.49.39-768x432.jpeg 768w\" sizes=\"auto, (max-width: 960px) 100vw, 960px\" \/><\/figure>\n<\/div>\n\n\n<p class=\"has-medium-font-size wp-block-paragraph\">De acuerdo con la convocatoria difundida por la organizaci\u00f3n, el encuentro se realiza en cumplimiento de sus Estatutos Sindicales, espec\u00edficamente los art\u00edculos 78, 108 y 110, as\u00ed como de los principios democr\u00e1ticos establecidos en la Ley Org\u00e1nica del Trabajo, los Trabajadores y las Trabajadoras (LOTTT).<\/p>\n\n\n\n<h2 class=\"wp-block-heading has-medium-font-size\">\u00a0Renovaci\u00f3n de autoridades<\/h2>\n\n\n\n<p class=\"has-medium-font-size wp-block-paragraph\">El punto \u00fanico de la asamblea ser\u00e1 la organizaci\u00f3n, postulaci\u00f3n y designaci\u00f3n de los integrantes de la Comisi\u00f3n Electoral, instancia que tendr\u00e1 como responsabilidad dar inicio al proceso de renovaci\u00f3n de las autoridades sindicales.<\/p>\n\n\n\n<p class=\"has-medium-font-size wp-block-paragraph\">La convocatoria establece que la actividad tendr\u00e1 car\u00e1cter presencial para la seccional anfitriona, mientras que las representaciones de otras localidades del pa\u00eds participar\u00e1n mediante enlaces y delegados.<\/p>\n\n\n\n<figure class=\"wp-block-gallery has-nested-images columns-default is-cropped wp-block-gallery-1 is-layout-flex wp-block-gallery-is-layout-flex\">\n<figure class=\"wp-block-image size-large\"><img loading=\"lazy\" decoding=\"async\" width=\"1024\" height=\"683\" data-id=\"1410\" src=\"https:\/\/brujulainformativadigital.lat\/wp-content\/uploads\/2026\/09\/file_0000000071f881f5a0ec4d889d30777d-1024x683.png\" alt=\"\" class=\"wp-image-1410\" srcset=\"https:\/\/brujulainformativadigital.lat\/wp-content\/uploads\/2026\/09\/file_0000000071f881f5a0ec4d889d30777d-1024x683.png 1024w, https:\/\/brujulainformativadigital.lat\/wp-content\/uploads\/2026\/09\/file_0000000071f881f5a0ec4d889d30777d-300x200.png 300w, https:\/\/brujulainformativadigital.lat\/wp-content\/uploads\/2026\/09\/file_0000000071f881f5a0ec4d889d30777d-768x512.png 768w, https:\/\/brujulainformativadigital.lat\/wp-content\/uploads\/2026\/09\/file_0000000071f881f5a0ec4d889d30777d.png 1536w\" sizes=\"auto, (max-width: 1024px) 100vw, 1024px\" \/><\/figure>\n\n\n\n<figure class=\"wp-block-image size-large\"><img loading=\"lazy\" decoding=\"async\" width=\"1024\" height=\"768\" data-id=\"1409\" src=\"https:\/\/brujulainformativadigital.lat\/wp-content\/uploads\/2026\/09\/file_00000000327081f59f5d39148e0682b1-1024x768.png\" alt=\"\" class=\"wp-image-1409\" srcset=\"https:\/\/brujulainformativadigital.lat\/wp-content\/uploads\/2026\/09\/file_00000000327081f59f5d39148e0682b1-1024x768.png 1024w, https:\/\/brujulainformativadigital.lat\/wp-content\/uploads\/2026\/09\/file_00000000327081f59f5d39148e0682b1-300x225.png 300w, https:\/\/brujulainformativadigital.lat\/wp-content\/uploads\/2026\/09\/file_00000000327081f59f5d39148e0682b1-768x576.png 768w, https:\/\/brujulainformativadigital.lat\/wp-content\/uploads\/2026\/09\/file_00000000327081f59f5d39148e0682b1.png 1448w\" sizes=\"auto, (max-width: 1024px) 100vw, 1024px\" \/><\/figure>\n<\/figure>\n\n\n\n<p class=\"has-medium-font-size wp-block-paragraph\"><strong>&nbsp;ASINSUOPET<\/strong> hizo un llamado a sus afiliados y a la base trabajadora a participar activamente en este proceso, destacando la importancia de la organizaci\u00f3n y la participaci\u00f3n de los trabajadores en la vida interna de la instituci\u00f3n sindical.<\/p>\n\n\n\n<p class=\"has-medium-font-size wp-block-paragraph\">&nbsp;<em>\u201cEl rescate institucional y la defensa de los derechos de los trabajadores se consolida con la participaci\u00f3n activa y soberana de las bases\u201d,<\/em> se\u00f1ala el llamado realizado por la organizaci\u00f3n.<\/p>\n\n\n\n<p class=\"has-medium-font-size wp-block-paragraph\">Para informaci\u00f3n y coordinaci\u00f3n de la participaci\u00f3n, <strong>ASINSUOPET<\/strong> habilit\u00f3 el n\u00famero <strong>0424-8689885,<\/strong> disponible para llamadas y WhatsApp.<\/p>\n\n\n\n<figure class=\"wp-block-image size-large\"><img loading=\"lazy\" decoding=\"async\" width=\"802\" height=\"1024\" src=\"https:\/\/brujulainformativadigital.lat\/wp-content\/uploads\/2026\/09\/BRUJULA-INFORMATIVA-DIGITAL-Pag-21-802x1024.jpg\" alt=\"\" class=\"wp-image-1408\" srcset=\"https:\/\/brujulainformativadigital.lat\/wp-content\/uploads\/2026\/09\/BRUJULA-INFORMATIVA-DIGITAL-Pag-21-802x1024.jpg 802w, https:\/\/brujulainformativadigital.lat\/wp-content\/uploads\/2026\/09\/BRUJULA-INFORMATIVA-DIGITAL-Pag-21-235x300.jpg 235w, https:\/\/brujulainformativadigital.lat\/wp-content\/uploads\/2026\/09\/BRUJULA-INFORMATIVA-DIGITAL-Pag-21-768x981.jpg 768w, https:\/\/brujulainformativadigital.lat\/wp-content\/uploads\/2026\/09\/BRUJULA-INFORMATIVA-DIGITAL-Pag-21-1202x1536.jpg 1202w, https:\/\/brujulainformativadigital.lat\/wp-content\/uploads\/2026\/09\/BRUJULA-INFORMATIVA-DIGITAL-Pag-21-1603x2048.jpg 1603w, https:\/\/brujulainformativadigital.lat\/wp-content\/uploads\/2026\/09\/BRUJULA-INFORMATIVA-DIGITAL-Pag-21-scaled.jpg 2004w\" sizes=\"auto, (max-width: 802px) 100vw, 802px\" \/><\/figure>\n\n\n\n<p class=\"has-medium-font-size wp-block-paragraph\">&nbsp;<strong>Br\u00fajula Informativa Digital<\/strong> continuar\u00e1 dando cobertura a los acontecimientos vinculados con el movimiento laboral y sindical en Venezuela.<\/p>\n\n\n\n<p class=\"wp-block-paragraph\"><\/p>\n","protected":false},"excerpt":{"rendered":"<p>El encuentro est\u00e1 previsto para este s\u00e1bado 5 de septiembre en El Tigre, estado Anzo\u00e1tegui, con participaci\u00f3n presencial de la seccional anfitriona y representaci\u00f3n nacional mediante enlaces y delegados.<\/p>\n","protected":false},"author":1,"featured_media":1407,"comment_status":"open","ping_status":"open","sticky":false,"template":"","format":"standard","meta":{"footnotes":""},"categories":[3,4],"tags":[722,721,723,172,368,113,724],"class_list":["post-1406","post","type-post","status-publish","format-standard","has-post-thumbnail","hentry","category-noticias","category-regionales","tag-asamblea","tag-asinsuopet","tag-autoridades","tag-convoca","tag-nacional","tag-renovacion","tag-sindicales"],"yoast_head":"<!-- This site is optimized with the Yoast SEO plugin v27.9 - https:\/\/yoast.com\/product\/yoast-seo-wordpress\/ -->\n<title>ASINSUOPET convoca a asamblea nacional para avanzar en la renovaci\u00f3n de sus autoridades sindicales - Br\u00fajula Informativa Digital<\/title>\n<meta name=\"robots\" content=\"index, follow, max-snippet:-1, max-image-preview:large, max-video-preview:-1\" \/>\n<link rel=\"canonical\" href=\"https:\/\/brujulainformativadigital.lat\/?p=1406\" \/>\n<meta property=\"og:locale\" content=\"es_ES\" \/>\n<meta property=\"og:type\" content=\"article\" \/>\n<meta property=\"og:title\" content=\"ASINSUOPET convoca a asamblea nacional para avanzar en la renovaci\u00f3n de sus autoridades sindicales - Br\u00fajula Informativa Digital\" \/>\n<meta property=\"og:description\" content=\"El encuentro est\u00e1 previsto para este s\u00e1bado 5 de septiembre en El Tigre, estado Anzo\u00e1tegui, con participaci\u00f3n presencial de la seccional anfitriona y representaci\u00f3n nacional mediante enlaces y delegados.\" \/>\n<meta property=\"og:url\" content=\"https:\/\/brujulainformativadigital.lat\/?p=1406\" \/>\n<meta property=\"og:site_name\" content=\"Br\u00fajula Informativa Digital\" \/>\n<meta property=\"article:publisher\" content=\"https:\/\/www.facebook.com\/p\/Brjula-Informativa-Digital-100085876965234\/\" \/>\n<meta property=\"article:published_time\" content=\"2026-09-02T06:01:38+00:00\" \/>\n<meta property=\"article:modified_time\" content=\"2026-09-02T06:03:09+00:00\" \/>\n<meta property=\"og:image\" content=\"https:\/\/brujulainformativadigital.lat\/wp-content\/uploads\/2026\/09\/WhatsApp-Image-2026-08-31-at-22.49.39.jpeg\" \/>\n\t<meta property=\"og:image:width\" content=\"960\" \/>\n\t<meta property=\"og:image:height\" content=\"540\" \/>\n\t<meta property=\"og:image:type\" content=\"image\/jpeg\" \/>\n<meta name=\"author\" content=\"brujula1\" \/>\n<meta name=\"twitter:card\" content=\"summary_large_image\" \/>\n<meta name=\"twitter:label1\" content=\"Escrito por\" \/>\n\t<meta name=\"twitter:data1\" content=\"brujula1\" \/>\n\t<meta name=\"twitter:label2\" content=\"Tiempo estimado de lectura\" \/>\n\t<meta name=\"twitter:data2\" content=\"3 minutos\" \/>\n<script type=\"application\/ld+json\" class=\"yoast-schema-graph\">{\"@context\":\"https:\\\/\\\/schema.org\",\"@graph\":[{\"@type\":\"Article\",\"@id\":\"https:\\\/\\\/brujulainformativadigital.lat\\\/?p=1406#article\",\"isPartOf\":{\"@id\":\"https:\\\/\\\/brujulainformativadigital.lat\\\/?p=1406\"},\"author\":{\"name\":\"brujula1\",\"@id\":\"https:\\\/\\\/brujulainformativadigital.lat\\\/#\\\/schema\\\/person\\\/51cc34dd75e270eec12558bb60900d2b\"},\"headline\":\"ASINSUOPET convoca a asamblea nacional para avanzar en la renovaci\u00f3n de sus autoridades sindicales\",\"datePublished\":\"2026-09-02T06:01:38+00:00\",\"dateModified\":\"2026-09-02T06:03:09+00:00\",\"mainEntityOfPage\":{\"@id\":\"https:\\\/\\\/brujulainformativadigital.lat\\\/?p=1406\"},\"wordCount\":344,\"commentCount\":0,\"publisher\":{\"@id\":\"https:\\\/\\\/brujulainformativadigital.lat\\\/#organization\"},\"image\":{\"@id\":\"https:\\\/\\\/brujulainformativadigital.lat\\\/?p=1406#primaryimage\"},\"thumbnailUrl\":\"https:\\\/\\\/brujulainformativadigital.lat\\\/wp-content\\\/uploads\\\/2026\\\/09\\\/WhatsApp-Image-2026-08-31-at-22.49.39.jpeg\",\"keywords\":[\"asamblea\",\"ASINSUOPET\",\"autoridades\",\"convoca\",\"nacional\",\"renovaci\u00f3n\",\"sindicales\"],\"articleSection\":[\"Noticias\",\"Regionales\"],\"inLanguage\":\"es\",\"potentialAction\":[{\"@type\":\"CommentAction\",\"name\":\"Comment\",\"target\":[\"https:\\\/\\\/brujulainformativadigital.lat\\\/?p=1406#respond\"]}]},{\"@type\":\"WebPage\",\"@id\":\"https:\\\/\\\/brujulainformativadigital.lat\\\/?p=1406\",\"url\":\"https:\\\/\\\/brujulainformativadigital.lat\\\/?p=1406\",\"name\":\"ASINSUOPET convoca a asamblea nacional para avanzar en la renovaci\u00f3n de sus autoridades sindicales - Br\u00fajula Informativa Digital\",\"isPartOf\":{\"@id\":\"https:\\\/\\\/brujulainformativadigital.lat\\\/#website\"},\"primaryImageOfPage\":{\"@id\":\"https:\\\/\\\/brujulainformativadigital.lat\\\/?p=1406#primaryimage\"},\"image\":{\"@id\":\"https:\\\/\\\/brujulainformativadigital.lat\\\/?p=1406#primaryimage\"},\"thumbnailUrl\":\"https:\\\/\\\/brujulainformativadigital.lat\\\/wp-content\\\/uploads\\\/2026\\\/09\\\/WhatsApp-Image-2026-08-31-at-22.49.39.jpeg\",\"datePublished\":\"2026-09-02T06:01:38+00:00\",\"dateModified\":\"2026-09-02T06:03:09+00:00\",\"breadcrumb\":{\"@id\":\"https:\\\/\\\/brujulainformativadigital.lat\\\/?p=1406#breadcrumb\"},\"inLanguage\":\"es\",\"potentialAction\":[{\"@type\":\"ReadAction\",\"target\":[\"https:\\\/\\\/brujulainformativadigital.lat\\\/?p=1406\"]}]},{\"@type\":\"ImageObject\",\"inLanguage\":\"es\",\"@id\":\"https:\\\/\\\/brujulainformativadigital.lat\\\/?p=1406#primaryimage\",\"url\":\"https:\\\/\\\/brujulainformativadigital.lat\\\/wp-content\\\/uploads\\\/2026\\\/09\\\/WhatsApp-Image-2026-08-31-at-22.49.39.jpeg\",\"contentUrl\":\"https:\\\/\\\/brujulainformativadigital.lat\\\/wp-content\\\/uploads\\\/2026\\\/09\\\/WhatsApp-Image-2026-08-31-at-22.49.39.jpeg\",\"width\":960,\"height\":540},{\"@type\":\"BreadcrumbList\",\"@id\":\"https:\\\/\\\/brujulainformativadigital.lat\\\/?p=1406#breadcrumb\",\"itemListElement\":[{\"@type\":\"ListItem\",\"position\":1,\"name\":\"Portada\",\"item\":\"https:\\\/\\\/brujulainformativadigital.lat\\\/\"},{\"@type\":\"ListItem\",\"position\":2,\"name\":\"ASINSUOPET convoca a asamblea nacional para avanzar en la renovaci\u00f3n de sus autoridades sindicales\"}]},{\"@type\":\"WebSite\",\"@id\":\"https:\\\/\\\/brujulainformativadigital.lat\\\/#website\",\"url\":\"https:\\\/\\\/brujulainformativadigital.lat\\\/\",\"name\":\"Br\u00fajula Informativa Digital\",\"description\":\"Haciendo un nuevo periodismo\",\"publisher\":{\"@id\":\"https:\\\/\\\/brujulainformativadigital.lat\\\/#organization\"},\"potentialAction\":[{\"@type\":\"SearchAction\",\"target\":{\"@type\":\"EntryPoint\",\"urlTemplate\":\"https:\\\/\\\/brujulainformativadigital.lat\\\/?s={search_term_string}\"},\"query-input\":{\"@type\":\"PropertyValueSpecification\",\"valueRequired\":true,\"valueName\":\"search_term_string\"}}],\"inLanguage\":\"es\"},{\"@type\":\"Organization\",\"@id\":\"https:\\\/\\\/brujulainformativadigital.lat\\\/#organization\",\"name\":\"Br\u00fajula Informativa Digital\",\"url\":\"https:\\\/\\\/brujulainformativadigital.lat\\\/\",\"logo\":{\"@type\":\"ImageObject\",\"inLanguage\":\"es\",\"@id\":\"https:\\\/\\\/brujulainformativadigital.lat\\\/#\\\/schema\\\/logo\\\/image\\\/\",\"url\":\"https:\\\/\\\/brujulainformativadigital.lat\\\/wp-content\\\/uploads\\\/2026\\\/07\\\/cropped-cropped-cropped-cropped-BackgroundEraser_20260724_021843796-2.png\",\"contentUrl\":\"https:\\\/\\\/brujulainformativadigital.lat\\\/wp-content\\\/uploads\\\/2026\\\/07\\\/cropped-cropped-cropped-cropped-BackgroundEraser_20260724_021843796-2.png\",\"width\":1894,\"height\":1896,\"caption\":\"Br\u00fajula Informativa Digital\"},\"image\":{\"@id\":\"https:\\\/\\\/brujulainformativadigital.lat\\\/#\\\/schema\\\/logo\\\/image\\\/\"},\"sameAs\":[\"https:\\\/\\\/www.facebook.com\\\/p\\\/Brjula-Informativa-Digital-100085876965234\\\/\",\"https:\\\/\\\/www.instagram.com\\\/brujulainformativadigital\\\/\"]},{\"@type\":\"Person\",\"@id\":\"https:\\\/\\\/brujulainformativadigital.lat\\\/#\\\/schema\\\/person\\\/51cc34dd75e270eec12558bb60900d2b\",\"name\":\"brujula1\",\"image\":{\"@type\":\"ImageObject\",\"inLanguage\":\"es\",\"@id\":\"https:\\\/\\\/secure.gravatar.com\\\/avatar\\\/7e5c45ac46bcd78760a935e9ae7f3df83da35ffae9cbccfbee5a9c3137b68312?s=96&d=mm&r=g\",\"url\":\"https:\\\/\\\/secure.gravatar.com\\\/avatar\\\/7e5c45ac46bcd78760a935e9ae7f3df83da35ffae9cbccfbee5a9c3137b68312?s=96&d=mm&r=g\",\"contentUrl\":\"https:\\\/\\\/secure.gravatar.com\\\/avatar\\\/7e5c45ac46bcd78760a935e9ae7f3df83da35ffae9cbccfbee5a9c3137b68312?s=96&d=mm&r=g\",\"caption\":\"brujula1\"},\"sameAs\":[\"https:\\\/\\\/brujulainformativadigital.lat\"],\"url\":\"https:\\\/\\\/brujulainformativadigital.lat\\\/?author=1\"}]}<\/script>\n<!-- \/ Yoast SEO plugin. -->","yoast_head_json":{"title":"ASINSUOPET convoca a asamblea nacional para avanzar en la renovaci\u00f3n de sus autoridades sindicales - Br\u00fajula Informativa Digital","robots":{"index":"index","follow":"follow","max-snippet":"max-snippet:-1","max-image-preview":"max-image-preview:large","max-video-preview":"max-video-preview:-1"},"canonical":"https:\/\/brujulainformativadigital.lat\/?p=1406","og_locale":"es_ES","og_type":"article","og_title":"ASINSUOPET convoca a asamblea nacional para avanzar en la renovaci\u00f3n de sus autoridades sindicales - Br\u00fajula Informativa Digital","og_description":"El encuentro est\u00e1 previsto para este s\u00e1bado 5 de septiembre en El Tigre, estado Anzo\u00e1tegui, con participaci\u00f3n presencial de la seccional anfitriona y representaci\u00f3n nacional mediante enlaces y delegados.","og_url":"https:\/\/brujulainformativadigital.lat\/?p=1406","og_site_name":"Br\u00fajula Informativa Digital","article_publisher":"https:\/\/www.facebook.com\/p\/Brjula-Informativa-Digital-100085876965234\/","article_published_time":"2026-09-02T06:01:38+00:00","article_modified_time":"2026-09-02T06:03:09+00:00","og_image":[{"width":960,"height":540,"url":"https:\/\/brujulainformativadigital.lat\/wp-content\/uploads\/2026\/09\/WhatsApp-Image-2026-08-31-at-22.49.39.jpeg","type":"image\/jpeg"}],"author":"brujula1","twitter_card":"summary_large_image","twitter_misc":{"Escrito por":"brujula1","Tiempo estimado de lectura":"3 minutos"},"schema":{"@context":"https:\/\/schema.org","@graph":[{"@type":"Article","@id":"https:\/\/brujulainformativadigital.lat\/?p=1406#article","isPartOf":{"@id":"https:\/\/brujulainformativadigital.lat\/?p=1406"},"author":{"name":"brujula1","@id":"https:\/\/brujulainformativadigital.lat\/#\/schema\/person\/51cc34dd75e270eec12558bb60900d2b"},"headline":"ASINSUOPET convoca a asamblea nacional para avanzar en la renovaci\u00f3n de sus autoridades sindicales","datePublished":"2026-09-02T06:01:38+00:00","dateModified":"2026-09-02T06:03:09+00:00","mainEntityOfPage":{"@id":"https:\/\/brujulainformativadigital.lat\/?p=1406"},"wordCount":344,"commentCount":0,"publisher":{"@id":"https:\/\/brujulainformativadigital.lat\/#organization"},"image":{"@id":"https:\/\/brujulainformativadigital.lat\/?p=1406#primaryimage"},"thumbnailUrl":"https:\/\/brujulainformativadigital.lat\/wp-content\/uploads\/2026\/09\/WhatsApp-Image-2026-08-31-at-22.49.39.jpeg","keywords":["asamblea","ASINSUOPET","autoridades","convoca","nacional","renovaci\u00f3n","sindicales"],"articleSection":["Noticias","Regionales"],"inLanguage":"es","potentialAction":[{"@type":"CommentAction","name":"Comment","target":["https:\/\/brujulainformativadigital.lat\/?p=1406#respond"]}]},{"@type":"WebPage","@id":"https:\/\/brujulainformativadigital.lat\/?p=1406","url":"https:\/\/brujulainformativadigital.lat\/?p=1406","name":"ASINSUOPET convoca a asamblea nacional para avanzar en la renovaci\u00f3n de sus autoridades sindicales - Br\u00fajula Informativa Digital","isPartOf":{"@id":"https:\/\/brujulainformativadigital.lat\/#website"},"primaryImageOfPage":{"@id":"https:\/\/brujulainformativadigital.lat\/?p=1406#primaryimage"},"image":{"@id":"https:\/\/brujulainformativadigital.lat\/?p=1406#primaryimage"},"thumbnailUrl":"https:\/\/brujulainformativadigital.lat\/wp-content\/uploads\/2026\/09\/WhatsApp-Image-2026-08-31-at-22.49.39.jpeg","datePublished":"2026-09-02T06:01:38+00:00","dateModified":"2026-09-02T06:03:09+00:00","breadcrumb":{"@id":"https:\/\/brujulainformativadigital.lat\/?p=1406#breadcrumb"},"inLanguage":"es","potentialAction":[{"@type":"ReadAction","target":["https:\/\/brujulainformativadigital.lat\/?p=1406"]}]},{"@type":"ImageObject","inLanguage":"es","@id":"https:\/\/brujulainformativadigital.lat\/?p=1406#primaryimage","url":"https:\/\/brujulainformativadigital.lat\/wp-content\/uploads\/2026\/09\/WhatsApp-Image-2026-08-31-at-22.49.39.jpeg","contentUrl":"https:\/\/brujulainformativadigital.lat\/wp-content\/uploads\/2026\/09\/WhatsApp-Image-2026-08-31-at-22.49.39.jpeg","width":960,"height":540},{"@type":"BreadcrumbList","@id":"https:\/\/brujulainformativadigital.lat\/?p=1406#breadcrumb","itemListElement":[{"@type":"ListItem","position":1,"name":"Portada","item":"https:\/\/brujulainformativadigital.lat\/"},{"@type":"ListItem","position":2,"name":"ASINSUOPET convoca a asamblea nacional para avanzar en la renovaci\u00f3n de sus autoridades sindicales"}]},{"@type":"WebSite","@id":"https:\/\/brujulainformativadigital.lat\/#website","url":"https:\/\/brujulainformativadigital.lat\/","name":"Br\u00fajula Informativa Digital","description":"Haciendo un nuevo periodismo","publisher":{"@id":"https:\/\/brujulainformativadigital.lat\/#organization"},"potentialAction":[{"@type":"SearchAction","target":{"@type":"EntryPoint","urlTemplate":"https:\/\/brujulainformativadigital.lat\/?s={search_term_string}"},"query-input":{"@type":"PropertyValueSpecification","valueRequired":true,"valueName":"search_term_string"}}],"inLanguage":"es"},{"@type":"Organization","@id":"https:\/\/brujulainformativadigital.lat\/#organization","name":"Br\u00fajula Informativa Digital","url":"https:\/\/brujulainformativadigital.lat\/","logo":{"@type":"ImageObject","inLanguage":"es","@id":"https:\/\/brujulainformativadigital.lat\/#\/schema\/logo\/image\/","url":"https:\/\/brujulainformativadigital.lat\/wp-content\/uploads\/2026\/07\/cropped-cropped-cropped-cropped-BackgroundEraser_20260724_021843796-2.png","contentUrl":"https:\/\/brujulainformativadigital.lat\/wp-content\/uploads\/2026\/07\/cropped-cropped-cropped-cropped-BackgroundEraser_20260724_021843796-2.png","width":1894,"height":1896,"caption":"Br\u00fajula Informativa Digital"},"image":{"@id":"https:\/\/brujulainformativadigital.lat\/#\/schema\/logo\/image\/"},"sameAs":["https:\/\/www.facebook.com\/p\/Brjula-Informativa-Digital-100085876965234\/","https:\/\/www.instagram.com\/brujulainformativadigital\/"]},{"@type":"Person","@id":"https:\/\/brujulainformativadigital.lat\/#\/schema\/person\/51cc34dd75e270eec12558bb60900d2b","name":"brujula1","image":{"@type":"ImageObject","inLanguage":"es","@id":"https:\/\/secure.gravatar.com\/avatar\/7e5c45ac46bcd78760a935e9ae7f3df83da35ffae9cbccfbee5a9c3137b68312?s=96&d=mm&r=g","url":"https:\/\/secure.gravatar.com\/avatar\/7e5c45ac46bcd78760a935e9ae7f3df83da35ffae9cbccfbee5a9c3137b68312?s=96&d=mm&r=g","contentUrl":"https:\/\/secure.gravatar.com\/avatar\/7e5c45ac46bcd78760a935e9ae7f3df83da35ffae9cbccfbee5a9c3137b68312?s=96&d=mm&r=g","caption":"brujula1"},"sameAs":["https:\/\/brujulainformativadigital.lat"],"url":"https:\/\/brujulainformativadigital.lat\/?author=1"}]}},"_links":{"self":[{"href":"https:\/\/brujulainformativadigital.lat\/index.php?rest_route=\/wp\/v2\/posts\/1406","targetHints":{"allow":["GET"]}}],"collection":[{"href":"https:\/\/brujulainformativadigital.lat\/index.php?rest_route=\/wp\/v2\/posts"}],"about":[{"href":"https:\/\/brujulainformativadigital.lat\/index.php?rest_route=\/wp\/v2\/types\/post"}],"author":[{"embeddable":true,"href":"https:\/\/brujulainformativadigital.lat\/index.php?rest_route=\/wp\/v2\/users\/1"}],"replies":[{"embeddable":true,"href":"https:\/\/brujulainformativadigital.lat\/index.php?rest_route=%2Fwp%2Fv2%2Fcomments&post=1406"}],"version-history":[{"count":3,"href":"https:\/\/brujulainformativadigital.lat\/index.php?rest_route=\/wp\/v2\/posts\/1406\/revisions"}],"predecessor-version":[{"id":1413,"href":"https:\/\/brujulainformativadigital.lat\/index.php?rest_route=\/wp\/v2\/posts\/1406\/revisions\/1413"}],"wp:featuredmedia":[{"embeddable":true,"href":"https:\/\/brujulainformativadigital.lat\/index.php?rest_route=\/wp\/v2\/media\/1407"}],"wp:attachment":[{"href":"https:\/\/brujulainformativadigital.lat\/index.php?rest_route=%2Fwp%2Fv2%2Fmedia&parent=1406"}],"wp:term":[{"taxonomy":"category","embeddable":true,"href":"https:\/\/brujulainformativadigital.lat\/index.php?rest_route=%2Fwp%2Fv2%2Fcategories&post=1406"},{"taxonomy":"post_tag","embeddable":true,"href":"https:\/\/brujulainformativadigital.lat\/index.php?rest_route=%2Fwp%2Fv2%2Ftags&post=1406"}],"curies":[{"name":"wp","href":"https:\/\/api.w.org\/{rel}","templated":true}]}}