{"id":709,"date":"2026-04-08T01:03:48","date_gmt":"2026-04-08T05:03:48","guid":{"rendered":"https:\/\/brujulainformativadigital.lat\/?p=709"},"modified":"2026-04-13T11:06:52","modified_gmt":"2026-04-13T15:06:52","slug":"parque-nacional-canaima-ratifica-su-liderazgo-turistico-en-el-sur-de-bolivar-durante-semana-santa-2026","status":"publish","type":"post","link":"https:\/\/brujulainformativadigital.lat\/?p=709","title":{"rendered":"Parque Nacional Canaima ratifica su liderazgo tur\u00edstico en el sur de Bol\u00edvar durante Semana Santa 2026"},"content":{"rendered":"\n<hr class=\"wp-block-separator has-alpha-channel-opacity\"\/>\n\n\n\n<h2 class=\"wp-block-heading has-text-align-center\"><em>***Con un flujo de visitantes estable y el respaldo de una conectividad a\u00e9rea estrat\u00e9gica, el Parque Nacional Canaima ratific\u00f3 su liderazgo como el principal destino ecotur\u00edstico\u00a0 de Venezuela durante la Semana Santa 2026***<\/em><\/h2>\n\n\n\n<hr class=\"wp-block-separator has-alpha-channel-opacity\"\/>\n\n\n\n<p><strong>Yhonny Rodr\u00edguez<\/strong> | <strong>CNP 25.976<\/strong><\/p>\n\n\n\n<p><strong>Canaima.\u2013<\/strong> El Parque Nacional Canaima se consolid\u00f3 una vez m\u00e1s como el epicentro del turismo en el sur de Venezuela durante el asueto de Semana Santa 2026. Seg\u00fan datos oficiales, el destino no solo mantuvo su flujo de visitantes en comparaci\u00f3n con el a\u00f1o anterior, sino que reafirm\u00f3 su posici\u00f3n como el lugar predilecto para el ecoturismo de alta factura, tanto para viajeros nacionales como internacionales.<\/p>\n\n\n\n<p>&nbsp;El Instituto Nacional de Parques (INPARQUES) ha mantenido un riguroso control estad\u00edstico en la zona occidental del parque, confirmando la resiliencia del sector y la estabilidad de la demanda hacia este Patrimonio de la Humanidad.<\/p>\n\n\n\n<h2 class=\"wp-block-heading\">El perfil del visitante: Un balance positivo<\/h2>\n\n\n\n<p>&nbsp;De acuerdo con las cifras procesadas por las autoridades ambientales y tur\u00edsticas, el ingreso de visitantes durante la temporada se desglos\u00f3 de la siguiente manera:<\/p>\n\n\n\n<p><strong>Adultos:<\/strong> 362<\/p>\n\n\n\n<p><strong>Extranjeros:<\/strong> 31<\/p>\n\n\n\n<p><strong>Ni\u00f1os:<\/strong> 48<\/p>\n\n\n\n<p><strong>Adolescentes:<\/strong> 21<\/p>\n\n\n\n<p><strong>Adultos mayores:<\/strong> 10<\/p>\n\n\n<div class=\"wp-block-image\">\n<figure class=\"aligncenter size-full\"><img loading=\"lazy\" decoding=\"async\" width=\"960\" height=\"559\" src=\"https:\/\/brujulainformativadigital.lat\/wp-content\/uploads\/2026\/04\/WhatsApp-Image-2026-04-07-at-13.53.49-1.jpeg\" alt=\"\" class=\"wp-image-710\" srcset=\"https:\/\/brujulainformativadigital.lat\/wp-content\/uploads\/2026\/04\/WhatsApp-Image-2026-04-07-at-13.53.49-1.jpeg 960w, https:\/\/brujulainformativadigital.lat\/wp-content\/uploads\/2026\/04\/WhatsApp-Image-2026-04-07-at-13.53.49-1-300x175.jpeg 300w, https:\/\/brujulainformativadigital.lat\/wp-content\/uploads\/2026\/04\/WhatsApp-Image-2026-04-07-at-13.53.49-1-768x447.jpeg 768w\" sizes=\"auto, (max-width: 960px) 100vw, 960px\" \/><figcaption class=\"wp-element-caption\"><strong>Llegada de turistas al aeropuerto de Canaima. (Fotos: Darwin Bigott)<\/strong><\/figcaption><\/figure>\n<\/div>\n\n\n<p>&nbsp;Al respecto, Gregorio Rivas, presidente de la Asociaci\u00f3n de Operadores Tur\u00edsticos de Canaima (ASOCANAIMA), se\u00f1al\u00f3 que estos n\u00fameros reflejan una tendencia s\u00f3lida<em>. <\/em><strong><em>\u00abEl ingreso de turistas a esta zona ecotur\u00edstica se ha mantenido a la par de las cifras del a\u00f1o pasado, lo cual es un indicador de confianza. Proyectamos que esta estad\u00edstica seguir\u00e1 en ascenso<\/em> <em>sostenido en las pr\u00f3ximas temporadas\u00bb,<\/em><\/strong> afirm\u00f3 Rivas.<\/p>\n\n\n\n<h2 class=\"wp-block-heading\">Conectividad: El motor del desarrollo<\/h2>\n\n\n\n<p>&nbsp;Uno de los pilares fundamentales que permiti\u00f3 el \u00e9xito de esta zafra fue la regularidad de las operaciones a\u00e9reas. Desde ASOCANAIMA se extendi\u00f3 un reconocimiento especial a la aerol\u00ednea bandera de Venezuela, Conviasa, por su compromiso con el destino.<\/p>\n\n\n\n<p>Actualmente, la aerol\u00ednea mantiene una frecuencia de cuatro vuelos semanales hacia Canaima, distribuidos estrat\u00e9gicamente los d\u00edas jueves (2 vuelos) y domingos (2 vuelos). Esta programaci\u00f3n facilita no solo el flujo de visitantes, sino tambi\u00e9n la log\u00edstica necesaria para mantener la excelencia en los servicios tur\u00edsticos de la regi\u00f3n.<\/p>\n\n\n\n<h2 class=\"wp-block-heading\">Un destino para todas las fronteras<\/h2>\n\n\n\n<p>&nbsp;Canaima contin\u00faa marcando la pauta como el destino principal de Venezuela, capaz de atraer a un p\u00fablico diverso que busca la majestuosidad de sus tepuyes y ca\u00eddas de agua. La combinaci\u00f3n de una naturaleza virgen y una infraestructura de servicios cada vez m\u00e1s especializada garantiza que el parque siga siendo la primera opci\u00f3n en cualquier temporada del a\u00f1o.<\/p>\n\n\n\n<p>Con el respaldo de los operadores locales, el apoyo institucional y una conectividad a\u00e9rea estable, el Parque Nacional Canaima inicia el segundo trimestre de 2026 con perspectivas de crecimiento que apuntan a romper r\u00e9cords de visitaci\u00f3n para el cierre del a\u00f1o.<\/p>\n","protected":false},"excerpt":{"rendered":"<p>El Parque Nacional Canaima ratific\u00f3 su liderazgo como el principal destino ecotur\u00edstico\u00a0 de Venezuela durante la Semana Santa 2026<\/p>\n","protected":false},"author":1,"featured_media":711,"comment_status":"open","ping_status":"open","sticky":false,"template":"","format":"standard","meta":{"footnotes":""},"categories":[3,4,189],"tags":[64,365,364,84],"class_list":["post-709","post","type-post","status-publish","format-standard","has-post-thumbnail","hentry","category-noticias","category-regionales","category-viajes-y-turismos","tag-bolivar","tag-canaima","tag-semana-santa-2026","tag-turistico"],"yoast_head":"<!-- This site is optimized with the Yoast SEO plugin v27.4 - https:\/\/yoast.com\/product\/yoast-seo-wordpress\/ -->\n<title>Parque Nacional Canaima ratifica su liderazgo tur\u00edstico en el sur de Bol\u00edvar durante Semana Santa 2026 - Br\u00fajula Informativa Digital<\/title>\n<meta name=\"robots\" content=\"index, follow, max-snippet:-1, max-image-preview:large, max-video-preview:-1\" \/>\n<link rel=\"canonical\" href=\"https:\/\/brujulainformativadigital.lat\/?p=709\" \/>\n<meta property=\"og:locale\" content=\"es_ES\" \/>\n<meta property=\"og:type\" content=\"article\" \/>\n<meta property=\"og:title\" content=\"Parque Nacional Canaima ratifica su liderazgo tur\u00edstico en el sur de Bol\u00edvar durante Semana Santa 2026 - Br\u00fajula Informativa Digital\" \/>\n<meta property=\"og:description\" content=\"El Parque Nacional Canaima ratific\u00f3 su liderazgo como el principal destino ecotur\u00edstico\u00a0 de Venezuela durante la Semana Santa 2026\" \/>\n<meta property=\"og:url\" content=\"https:\/\/brujulainformativadigital.lat\/?p=709\" \/>\n<meta property=\"og:site_name\" content=\"Br\u00fajula Informativa Digital\" \/>\n<meta property=\"article:publisher\" content=\"https:\/\/www.facebook.com\/p\/Brjula-Informativa-Digital-100085876965234\/\" \/>\n<meta property=\"article:published_time\" content=\"2026-04-08T05:03:48+00:00\" \/>\n<meta property=\"article:modified_time\" content=\"2026-04-13T15:06:52+00:00\" \/>\n<meta property=\"og:image\" content=\"https:\/\/brujulainformativadigital.lat\/wp-content\/uploads\/2026\/04\/WhatsApp-Image-2026-04-07-at-13.53.49.jpeg\" \/>\n\t<meta property=\"og:image:width\" content=\"960\" \/>\n\t<meta property=\"og:image:height\" content=\"591\" \/>\n\t<meta property=\"og:image:type\" content=\"image\/jpeg\" \/>\n<meta name=\"author\" content=\"brujula1\" \/>\n<meta name=\"twitter:card\" content=\"summary_large_image\" \/>\n<meta name=\"twitter:label1\" content=\"Escrito por\" \/>\n\t<meta name=\"twitter:data1\" content=\"brujula1\" \/>\n\t<meta name=\"twitter:label2\" content=\"Tiempo estimado de lectura\" \/>\n\t<meta name=\"twitter:data2\" content=\"3 minutos\" \/>\n<script type=\"application\/ld+json\" class=\"yoast-schema-graph\">{\"@context\":\"https:\\\/\\\/schema.org\",\"@graph\":[{\"@type\":\"Article\",\"@id\":\"https:\\\/\\\/brujulainformativadigital.lat\\\/?p=709#article\",\"isPartOf\":{\"@id\":\"https:\\\/\\\/brujulainformativadigital.lat\\\/?p=709\"},\"author\":{\"name\":\"brujula1\",\"@id\":\"https:\\\/\\\/brujulainformativadigital.lat\\\/#\\\/schema\\\/person\\\/51cc34dd75e270eec12558bb60900d2b\"},\"headline\":\"Parque Nacional Canaima ratifica su liderazgo tur\u00edstico en el sur de Bol\u00edvar durante Semana Santa 2026\",\"datePublished\":\"2026-04-08T05:03:48+00:00\",\"dateModified\":\"2026-04-13T15:06:52+00:00\",\"mainEntityOfPage\":{\"@id\":\"https:\\\/\\\/brujulainformativadigital.lat\\\/?p=709\"},\"wordCount\":504,\"commentCount\":0,\"publisher\":{\"@id\":\"https:\\\/\\\/brujulainformativadigital.lat\\\/#organization\"},\"image\":{\"@id\":\"https:\\\/\\\/brujulainformativadigital.lat\\\/?p=709#primaryimage\"},\"thumbnailUrl\":\"https:\\\/\\\/brujulainformativadigital.lat\\\/wp-content\\\/uploads\\\/2026\\\/04\\\/WhatsApp-Image-2026-04-07-at-13.53.49.jpeg\",\"keywords\":[\"Bol\u00edvar\",\"Canaima\",\"Semana Santa 2026\",\"Tur\u00edstico\"],\"articleSection\":[\"Noticias\",\"Regionales\",\"Viajes y Turismos\"],\"inLanguage\":\"es\",\"potentialAction\":[{\"@type\":\"CommentAction\",\"name\":\"Comment\",\"target\":[\"https:\\\/\\\/brujulainformativadigital.lat\\\/?p=709#respond\"]}]},{\"@type\":\"WebPage\",\"@id\":\"https:\\\/\\\/brujulainformativadigital.lat\\\/?p=709\",\"url\":\"https:\\\/\\\/brujulainformativadigital.lat\\\/?p=709\",\"name\":\"Parque Nacional Canaima ratifica su liderazgo tur\u00edstico en el sur de Bol\u00edvar durante Semana Santa 2026 - Br\u00fajula Informativa Digital\",\"isPartOf\":{\"@id\":\"https:\\\/\\\/brujulainformativadigital.lat\\\/#website\"},\"primaryImageOfPage\":{\"@id\":\"https:\\\/\\\/brujulainformativadigital.lat\\\/?p=709#primaryimage\"},\"image\":{\"@id\":\"https:\\\/\\\/brujulainformativadigital.lat\\\/?p=709#primaryimage\"},\"thumbnailUrl\":\"https:\\\/\\\/brujulainformativadigital.lat\\\/wp-content\\\/uploads\\\/2026\\\/04\\\/WhatsApp-Image-2026-04-07-at-13.53.49.jpeg\",\"datePublished\":\"2026-04-08T05:03:48+00:00\",\"dateModified\":\"2026-04-13T15:06:52+00:00\",\"breadcrumb\":{\"@id\":\"https:\\\/\\\/brujulainformativadigital.lat\\\/?p=709#breadcrumb\"},\"inLanguage\":\"es\",\"potentialAction\":[{\"@type\":\"ReadAction\",\"target\":[\"https:\\\/\\\/brujulainformativadigital.lat\\\/?p=709\"]}]},{\"@type\":\"ImageObject\",\"inLanguage\":\"es\",\"@id\":\"https:\\\/\\\/brujulainformativadigital.lat\\\/?p=709#primaryimage\",\"url\":\"https:\\\/\\\/brujulainformativadigital.lat\\\/wp-content\\\/uploads\\\/2026\\\/04\\\/WhatsApp-Image-2026-04-07-at-13.53.49.jpeg\",\"contentUrl\":\"https:\\\/\\\/brujulainformativadigital.lat\\\/wp-content\\\/uploads\\\/2026\\\/04\\\/WhatsApp-Image-2026-04-07-at-13.53.49.jpeg\",\"width\":960,\"height\":591},{\"@type\":\"BreadcrumbList\",\"@id\":\"https:\\\/\\\/brujulainformativadigital.lat\\\/?p=709#breadcrumb\",\"itemListElement\":[{\"@type\":\"ListItem\",\"position\":1,\"name\":\"Portada\",\"item\":\"https:\\\/\\\/brujulainformativadigital.lat\\\/\"},{\"@type\":\"ListItem\",\"position\":2,\"name\":\"Parque Nacional Canaima ratifica su liderazgo tur\u00edstico en el sur de Bol\u00edvar durante Semana Santa 2026\"}]},{\"@type\":\"WebSite\",\"@id\":\"https:\\\/\\\/brujulainformativadigital.lat\\\/#website\",\"url\":\"https:\\\/\\\/brujulainformativadigital.lat\\\/\",\"name\":\"Br\u00fajula Informativa Digital\",\"description\":\"Haciendo un nuevo periodismo\",\"publisher\":{\"@id\":\"https:\\\/\\\/brujulainformativadigital.lat\\\/#organization\"},\"potentialAction\":[{\"@type\":\"SearchAction\",\"target\":{\"@type\":\"EntryPoint\",\"urlTemplate\":\"https:\\\/\\\/brujulainformativadigital.lat\\\/?s={search_term_string}\"},\"query-input\":{\"@type\":\"PropertyValueSpecification\",\"valueRequired\":true,\"valueName\":\"search_term_string\"}}],\"inLanguage\":\"es\"},{\"@type\":\"Organization\",\"@id\":\"https:\\\/\\\/brujulainformativadigital.lat\\\/#organization\",\"name\":\"Br\u00fajula Informativa Digital\",\"url\":\"https:\\\/\\\/brujulainformativadigital.lat\\\/\",\"logo\":{\"@type\":\"ImageObject\",\"inLanguage\":\"es\",\"@id\":\"https:\\\/\\\/brujulainformativadigital.lat\\\/#\\\/schema\\\/logo\\\/image\\\/\",\"url\":\"https:\\\/\\\/brujulainformativadigital.lat\\\/wp-content\\\/uploads\\\/2026\\\/03\\\/logo-2026-transp-1980.png\",\"contentUrl\":\"https:\\\/\\\/brujulainformativadigital.lat\\\/wp-content\\\/uploads\\\/2026\\\/03\\\/logo-2026-transp-1980.png\",\"width\":1980,\"height\":1980,\"caption\":\"Br\u00fajula Informativa Digital\"},\"image\":{\"@id\":\"https:\\\/\\\/brujulainformativadigital.lat\\\/#\\\/schema\\\/logo\\\/image\\\/\"},\"sameAs\":[\"https:\\\/\\\/www.facebook.com\\\/p\\\/Brjula-Informativa-Digital-100085876965234\\\/\",\"https:\\\/\\\/www.instagram.com\\\/brujulainformativadigital\\\/\"]},{\"@type\":\"Person\",\"@id\":\"https:\\\/\\\/brujulainformativadigital.lat\\\/#\\\/schema\\\/person\\\/51cc34dd75e270eec12558bb60900d2b\",\"name\":\"brujula1\",\"image\":{\"@type\":\"ImageObject\",\"inLanguage\":\"es\",\"@id\":\"https:\\\/\\\/secure.gravatar.com\\\/avatar\\\/7e5c45ac46bcd78760a935e9ae7f3df83da35ffae9cbccfbee5a9c3137b68312?s=96&d=mm&r=g\",\"url\":\"https:\\\/\\\/secure.gravatar.com\\\/avatar\\\/7e5c45ac46bcd78760a935e9ae7f3df83da35ffae9cbccfbee5a9c3137b68312?s=96&d=mm&r=g\",\"contentUrl\":\"https:\\\/\\\/secure.gravatar.com\\\/avatar\\\/7e5c45ac46bcd78760a935e9ae7f3df83da35ffae9cbccfbee5a9c3137b68312?s=96&d=mm&r=g\",\"caption\":\"brujula1\"},\"sameAs\":[\"https:\\\/\\\/brujulainformativadigital.lat\"],\"url\":\"https:\\\/\\\/brujulainformativadigital.lat\\\/?author=1\"}]}<\/script>\n<!-- \/ Yoast SEO plugin. -->","yoast_head_json":{"title":"Parque Nacional Canaima ratifica su liderazgo tur\u00edstico en el sur de Bol\u00edvar durante Semana Santa 2026 - Br\u00fajula Informativa Digital","robots":{"index":"index","follow":"follow","max-snippet":"max-snippet:-1","max-image-preview":"max-image-preview:large","max-video-preview":"max-video-preview:-1"},"canonical":"https:\/\/brujulainformativadigital.lat\/?p=709","og_locale":"es_ES","og_type":"article","og_title":"Parque Nacional Canaima ratifica su liderazgo tur\u00edstico en el sur de Bol\u00edvar durante Semana Santa 2026 - Br\u00fajula Informativa Digital","og_description":"El Parque Nacional Canaima ratific\u00f3 su liderazgo como el principal destino ecotur\u00edstico\u00a0 de Venezuela durante la Semana Santa 2026","og_url":"https:\/\/brujulainformativadigital.lat\/?p=709","og_site_name":"Br\u00fajula Informativa Digital","article_publisher":"https:\/\/www.facebook.com\/p\/Brjula-Informativa-Digital-100085876965234\/","article_published_time":"2026-04-08T05:03:48+00:00","article_modified_time":"2026-04-13T15:06:52+00:00","og_image":[{"width":960,"height":591,"url":"https:\/\/brujulainformativadigital.lat\/wp-content\/uploads\/2026\/04\/WhatsApp-Image-2026-04-07-at-13.53.49.jpeg","type":"image\/jpeg"}],"author":"brujula1","twitter_card":"summary_large_image","twitter_misc":{"Escrito por":"brujula1","Tiempo estimado de lectura":"3 minutos"},"schema":{"@context":"https:\/\/schema.org","@graph":[{"@type":"Article","@id":"https:\/\/brujulainformativadigital.lat\/?p=709#article","isPartOf":{"@id":"https:\/\/brujulainformativadigital.lat\/?p=709"},"author":{"name":"brujula1","@id":"https:\/\/brujulainformativadigital.lat\/#\/schema\/person\/51cc34dd75e270eec12558bb60900d2b"},"headline":"Parque Nacional Canaima ratifica su liderazgo tur\u00edstico en el sur de Bol\u00edvar durante Semana Santa 2026","datePublished":"2026-04-08T05:03:48+00:00","dateModified":"2026-04-13T15:06:52+00:00","mainEntityOfPage":{"@id":"https:\/\/brujulainformativadigital.lat\/?p=709"},"wordCount":504,"commentCount":0,"publisher":{"@id":"https:\/\/brujulainformativadigital.lat\/#organization"},"image":{"@id":"https:\/\/brujulainformativadigital.lat\/?p=709#primaryimage"},"thumbnailUrl":"https:\/\/brujulainformativadigital.lat\/wp-content\/uploads\/2026\/04\/WhatsApp-Image-2026-04-07-at-13.53.49.jpeg","keywords":["Bol\u00edvar","Canaima","Semana Santa 2026","Tur\u00edstico"],"articleSection":["Noticias","Regionales","Viajes y Turismos"],"inLanguage":"es","potentialAction":[{"@type":"CommentAction","name":"Comment","target":["https:\/\/brujulainformativadigital.lat\/?p=709#respond"]}]},{"@type":"WebPage","@id":"https:\/\/brujulainformativadigital.lat\/?p=709","url":"https:\/\/brujulainformativadigital.lat\/?p=709","name":"Parque Nacional Canaima ratifica su liderazgo tur\u00edstico en el sur de Bol\u00edvar durante Semana Santa 2026 - Br\u00fajula Informativa Digital","isPartOf":{"@id":"https:\/\/brujulainformativadigital.lat\/#website"},"primaryImageOfPage":{"@id":"https:\/\/brujulainformativadigital.lat\/?p=709#primaryimage"},"image":{"@id":"https:\/\/brujulainformativadigital.lat\/?p=709#primaryimage"},"thumbnailUrl":"https:\/\/brujulainformativadigital.lat\/wp-content\/uploads\/2026\/04\/WhatsApp-Image-2026-04-07-at-13.53.49.jpeg","datePublished":"2026-04-08T05:03:48+00:00","dateModified":"2026-04-13T15:06:52+00:00","breadcrumb":{"@id":"https:\/\/brujulainformativadigital.lat\/?p=709#breadcrumb"},"inLanguage":"es","potentialAction":[{"@type":"ReadAction","target":["https:\/\/brujulainformativadigital.lat\/?p=709"]}]},{"@type":"ImageObject","inLanguage":"es","@id":"https:\/\/brujulainformativadigital.lat\/?p=709#primaryimage","url":"https:\/\/brujulainformativadigital.lat\/wp-content\/uploads\/2026\/04\/WhatsApp-Image-2026-04-07-at-13.53.49.jpeg","contentUrl":"https:\/\/brujulainformativadigital.lat\/wp-content\/uploads\/2026\/04\/WhatsApp-Image-2026-04-07-at-13.53.49.jpeg","width":960,"height":591},{"@type":"BreadcrumbList","@id":"https:\/\/brujulainformativadigital.lat\/?p=709#breadcrumb","itemListElement":[{"@type":"ListItem","position":1,"name":"Portada","item":"https:\/\/brujulainformativadigital.lat\/"},{"@type":"ListItem","position":2,"name":"Parque Nacional Canaima ratifica su liderazgo tur\u00edstico en el sur de Bol\u00edvar durante Semana Santa 2026"}]},{"@type":"WebSite","@id":"https:\/\/brujulainformativadigital.lat\/#website","url":"https:\/\/brujulainformativadigital.lat\/","name":"Br\u00fajula Informativa Digital","description":"Haciendo un nuevo periodismo","publisher":{"@id":"https:\/\/brujulainformativadigital.lat\/#organization"},"potentialAction":[{"@type":"SearchAction","target":{"@type":"EntryPoint","urlTemplate":"https:\/\/brujulainformativadigital.lat\/?s={search_term_string}"},"query-input":{"@type":"PropertyValueSpecification","valueRequired":true,"valueName":"search_term_string"}}],"inLanguage":"es"},{"@type":"Organization","@id":"https:\/\/brujulainformativadigital.lat\/#organization","name":"Br\u00fajula Informativa Digital","url":"https:\/\/brujulainformativadigital.lat\/","logo":{"@type":"ImageObject","inLanguage":"es","@id":"https:\/\/brujulainformativadigital.lat\/#\/schema\/logo\/image\/","url":"https:\/\/brujulainformativadigital.lat\/wp-content\/uploads\/2026\/03\/logo-2026-transp-1980.png","contentUrl":"https:\/\/brujulainformativadigital.lat\/wp-content\/uploads\/2026\/03\/logo-2026-transp-1980.png","width":1980,"height":1980,"caption":"Br\u00fajula Informativa Digital"},"image":{"@id":"https:\/\/brujulainformativadigital.lat\/#\/schema\/logo\/image\/"},"sameAs":["https:\/\/www.facebook.com\/p\/Brjula-Informativa-Digital-100085876965234\/","https:\/\/www.instagram.com\/brujulainformativadigital\/"]},{"@type":"Person","@id":"https:\/\/brujulainformativadigital.lat\/#\/schema\/person\/51cc34dd75e270eec12558bb60900d2b","name":"brujula1","image":{"@type":"ImageObject","inLanguage":"es","@id":"https:\/\/secure.gravatar.com\/avatar\/7e5c45ac46bcd78760a935e9ae7f3df83da35ffae9cbccfbee5a9c3137b68312?s=96&d=mm&r=g","url":"https:\/\/secure.gravatar.com\/avatar\/7e5c45ac46bcd78760a935e9ae7f3df83da35ffae9cbccfbee5a9c3137b68312?s=96&d=mm&r=g","contentUrl":"https:\/\/secure.gravatar.com\/avatar\/7e5c45ac46bcd78760a935e9ae7f3df83da35ffae9cbccfbee5a9c3137b68312?s=96&d=mm&r=g","caption":"brujula1"},"sameAs":["https:\/\/brujulainformativadigital.lat"],"url":"https:\/\/brujulainformativadigital.lat\/?author=1"}]}},"_links":{"self":[{"href":"https:\/\/brujulainformativadigital.lat\/index.php?rest_route=\/wp\/v2\/posts\/709","targetHints":{"allow":["GET"]}}],"collection":[{"href":"https:\/\/brujulainformativadigital.lat\/index.php?rest_route=\/wp\/v2\/posts"}],"about":[{"href":"https:\/\/brujulainformativadigital.lat\/index.php?rest_route=\/wp\/v2\/types\/post"}],"author":[{"embeddable":true,"href":"https:\/\/brujulainformativadigital.lat\/index.php?rest_route=\/wp\/v2\/users\/1"}],"replies":[{"embeddable":true,"href":"https:\/\/brujulainformativadigital.lat\/index.php?rest_route=%2Fwp%2Fv2%2Fcomments&post=709"}],"version-history":[{"count":1,"href":"https:\/\/brujulainformativadigital.lat\/index.php?rest_route=\/wp\/v2\/posts\/709\/revisions"}],"predecessor-version":[{"id":712,"href":"https:\/\/brujulainformativadigital.lat\/index.php?rest_route=\/wp\/v2\/posts\/709\/revisions\/712"}],"wp:featuredmedia":[{"embeddable":true,"href":"https:\/\/brujulainformativadigital.lat\/index.php?rest_route=\/wp\/v2\/media\/711"}],"wp:attachment":[{"href":"https:\/\/brujulainformativadigital.lat\/index.php?rest_route=%2Fwp%2Fv2%2Fmedia&parent=709"}],"wp:term":[{"taxonomy":"category","embeddable":true,"href":"https:\/\/brujulainformativadigital.lat\/index.php?rest_route=%2Fwp%2Fv2%2Fcategories&post=709"},{"taxonomy":"post_tag","embeddable":true,"href":"https:\/\/brujulainformativadigital.lat\/index.php?rest_route=%2Fwp%2Fv2%2Ftags&post=709"}],"curies":[{"name":"wp","href":"https:\/\/api.w.org\/{rel}","templated":true}]}}