{"id":825,"date":"2026-04-26T22:24:15","date_gmt":"2026-04-27T02:24:15","guid":{"rendered":"https:\/\/brujulainformativadigital.lat\/?p=825"},"modified":"2026-04-26T22:24:16","modified_gmt":"2026-04-27T02:24:16","slug":"fluir-la-pasarela-que-transforma-la-moda-en-accion-climatica-se-apodera-de-la-plaza-cubierta-de-la-ucv","status":"publish","type":"post","link":"https:\/\/brujulainformativadigital.lat\/?p=825","title":{"rendered":"FLUIR: La pasarela que transforma la moda en acci\u00f3n clim\u00e1tica se apodera de la Plaza Cubierta de la UCV"},"content":{"rendered":"\n<hr class=\"wp-block-separator has-alpha-channel-opacity\"\/>\n\n\n\n<h2 class=\"wp-block-heading has-text-align-center\"><em>***En el marco del D\u00eda Mundial de la Tierra, la Fundaci\u00f3n Embajadoras Venezuela Sostenible (EVS), junto a la Embajada de Suiza y aliados estrat\u00e9gicos, presentan una experiencia de moda circular e impacto social que fusiona la cultura suiza con las tradiciones venezolanas***<\/em><\/h2>\n\n\n\n<hr class=\"wp-block-separator has-alpha-channel-opacity\"\/>\n\n\n\n<p><strong>Yhonny Rodr\u00edguez | CNP 25.976<\/strong><\/p>\n\n\n\n<p><strong>Caracas, Venezuela.\u2013<\/strong> Bajo el lema global <strong><em>\u00abNuestro Poder, Nuestro Planeta\u00bb,<\/em><\/strong> el pr\u00f3ximo 30 de abril de 2026, a las 2:00 p.m., la emblem\u00e1tica Plaza Cubierta de la Universidad Central de Venezuela (UCV) se convertir\u00e1 en el escenario de <strong>\u201cFLUIR: Pasarela con Prop\u00f3sito, Moda Sostenible en Acci\u00f3n\u201d.<\/strong><\/p>\n\n\n\n<p>Este evento, m\u00e1s que un desfile, es un manifiesto educativo y socio-ambiental que busca sensibilizar sobre el impacto de la industria textil, promoviendo el consumo responsable y la econom\u00eda circular como motores de desarrollo para el pa\u00eds. Inspirado en el agua como fuente de vida y en el di\u00e1logo est\u00e9tico entre los paisajes suizos y venezolanos, el encuentro marca un hito en la promoci\u00f3n de modelos de negocio conscientes en la regi\u00f3n.<\/p>\n\n\n\n<h2 class=\"wp-block-heading\">Una alianza estrat\u00e9gica por el desarrollo sostenible<\/h2>\n\n\n\n<p>La iniciativa, liderada por la Fundaci\u00f3n Embajadoras Venezuela Sostenible (EVS), cuenta con el respaldo fundamental de la Embajada de Suiza en Venezuela, la alianza de Jeantex S.A. y el apoyo de la Direcci\u00f3n de Extensi\u00f3n Universitaria de la UCV.<\/p>\n\n\n\n<p>Durante la apertura, se llevar\u00e1 a cabo un acto institucional de alto impacto: la firma de una Carta de Intenci\u00f3n entre la UCV y la Fundaci\u00f3n EVS. Este acuerdo busca formalizar un compromiso a largo plazo para fomentar pr\u00e1cticas acad\u00e9micas y ciudadanas que protejan los recursos de las futuras generaciones.<\/p>\n\n\n<div class=\"wp-block-image\">\n<figure class=\"aligncenter size-large\"><img decoding=\"async\" src=\"https:\/\/asocanaimadigital.com\/wp-content\/uploads\/2026\/04\/WhatsApp-Image-2026-04-20-at-21.38.06-1024x962.jpeg\" alt=\"\" class=\"wp-image-1205\"\/><\/figure>\n<\/div>\n\n\n<p>La puesta en escena estar\u00e1 a cargo de la reconocida agencia Belankazar, bajo la direcci\u00f3n de Hern\u00e1n Pereira, integrando la formaci\u00f3n integral de sus modelos con los valores de la sostenibilidad.<\/p>\n\n\n\n<h2 class=\"wp-block-heading\">Pasarela con prop\u00f3sito: El talento detr\u00e1s del cambio<\/h2>\n\n\n\n<p>Diez dise\u00f1adores y marcas de trayectoria, junto a talentos emergentes, presentar\u00e1n colecciones basadas en t\u00e9cnicas de upcycling y uso de textiles nacionales:<\/p>\n\n\n\n<p><strong>Merce Nouel:<\/strong> Presenta INTERCULTURE, una propuesta de deconstrucci\u00f3n y reensamblaje textil.<\/p>\n\n\n\n<p><strong>Alexis Maita (Catarsis):<\/strong> Su colecci\u00f3n Ra\u00edces utiliza retazos y tejidos tradicionales como lino y tul.<\/p>\n\n\n\n<p><strong>Academia de Moda UCAB:<\/strong> Dise\u00f1os derivados de su innovadora propuesta de \u00abPasarela Circular\u00bb.<\/p>\n\n\n\n<p><strong>Diego Urbina:<\/strong> Una c\u00e1psula en Denim crudo de Jeantex, intervenida art\u00edsticamente por j\u00f3venes de Tapipa Grande.<\/p>\n\n\n\n<p><strong>Mariana Carrazana:<\/strong> Homenaje al upcycling con sus l\u00edneas Reborn Queen y Svelare.<\/p>\n\n\n\n<p><strong>Darlyn Garc\u00eda:<\/strong> Moda contempor\u00e1nea con s\u00edmbolos ancestrales y materiales naturales (Pion\u00eda, Ojo de Zamuro).<\/p>\n\n\n\n<p><strong>Arte Way\u00fau (Luz Fern\u00e1ndez y Jenny Hern\u00e1ndez):<\/strong> Fibras naturales que narran la autonom\u00eda de la mujer Way\u00fau.<\/p>\n\n\n\n<p><strong>Fundaci\u00f3n V\u00edstete de Sue\u00f1os:<\/strong> Propuestas con enfoque socio-econ\u00f3mico elaboradas por mujeres en formaci\u00f3n.<\/p>\n\n\n\n<p><strong>Carol Leal:<\/strong> Orfebrer\u00eda contempor\u00e1nea en co-creaci\u00f3n con artesanas Warao.<\/p>\n\n\n\n<p><strong>Vintage Vaauw:<\/strong> Curadur\u00eda de Melissa Bambusi que demuestra el reciclaje como una forma de arte.<\/p>\n\n\n\n<p>La apertura \u00abRetornar Ecol\u00f3gico\u00bb ser\u00e1 dirigida por Kira Padr\u00f3n y las reinas de Miss Centro Norte Venezuela.<\/p>\n\n\n\n<h2 class=\"wp-block-heading\">Una agenda de conocimiento y cultura<\/h2>\n\n\n\n<p>El evento ser\u00e1 moderado por el locutor Arnaldo Catanaima y contar\u00e1 con la presencia de:<\/p>\n\n\n\n<p><strong>Msc. Mar\u00eda P\u00e9rez,<\/strong> presidenta de la fundaci\u00f3n EVS.<\/p>\n\n\n\n<p><strong>Dr. V\u00edctor Rago Albujas,<\/strong> rector de la UCV.<\/p>\n\n\n\n<p><strong>Prof. Mercy Ospina,<\/strong> directora de extensi\u00f3n universitaria UCV.<\/p>\n\n\n\n<p><strong>Sr. Martin Eggenschwiler,<\/strong> jefe adjunto de la embajada de Suiza.<\/p>\n\n\n\n<h2 class=\"wp-block-heading has-text-align-center\"><strong>La pasarela que une a la UCV y la Embajada de Suiza en un manifiesto de moda sostenible por el planeta <\/strong>&nbsp;<\/h2>\n\n\n\n<p>Antes del desfile, el panel <strong>\u201cHacia un vestir responsable\u201d,<\/strong> moderado por Isabel Mart\u00ednez, reunir\u00e1 a expertos como Nicole Prusza, Franci Arias y Diego Torres para debatir el futuro de la moda. El cierre magistral estar\u00e1 a cargo de la Orquesta de Alma Llanera Sim\u00f3n D\u00edaz de El Sistema.<\/p>\n\n\n\n<p><strong>Sostenibilidad en acci\u00f3n: Log\u00edstica de cero emisiones<\/strong><\/p>\n\n\n\n<p>FLUIR movilizar\u00e1 a m\u00e1s de 250 personas bajo un modelo de gesti\u00f3n responsable:<\/p>\n\n\n\n<p><strong>Movilidad El\u00e9ctrica:<\/strong> Traslados en veh\u00edculos el\u00e9ctricos de Verdi para reducir la huella de CO2.<\/p>\n\n\n\n<p><strong>Energ\u00eda Limpia:<\/strong> El m\u00f3dulo solar \u00abEcoWorking\u00bb de Swing Energy servir\u00e1 como estaci\u00f3n de maquillaje para los modelos.<\/p>\n\n\n\n<p><strong>Gesti\u00f3n de Residuos:<\/strong> Puntos de reciclaje gestionados por Multirecicla.<\/p>\n\n\n\n<p><strong>Experiencia Interactiva:<\/strong> M\u00e1s de 20 stands de marcas colaboradoras y talleres de bordado con el movimiento Esbaratao.<\/p>\n\n\n\n<h2 class=\"wp-block-heading\">Llamado a la acci\u00f3n: \u00a1Tu aporte cuenta!<\/h2>\n\n\n\n<p>La organizaci\u00f3n invita al p\u00fablico asistente a sumarse de forma activa:<\/p>\n\n\n\n<p><strong>Hidrataci\u00f3n Consciente:<\/strong> Traer envases reutilizables (habr\u00e1 dispensadores gratuitos).<\/p>\n\n\n\n<p><strong>Solidaridad:<\/strong> Se recibir\u00e1n donaciones de ropa en buen estado para las unidades m\u00f3viles de Panabus y Panarosa, que atienden a personas en situaci\u00f3n de calle.<\/p>\n","protected":false},"excerpt":{"rendered":"<p>***En el marco del D\u00eda Mundial de la Tierra, la Fundaci\u00f3n Embajadoras Venezuela Sostenible (EVS), junto a la Embajada de Suiza y aliados estrat\u00e9gicos, presentan una experiencia de moda circular e impacto social que fusiona la cultura suiza con las tradiciones venezolanas*** Yhonny Rodr\u00edguez | CNP 25.976 Caracas, Venezuela.\u2013 Bajo el lema global \u00abNuestro Poder, [&hellip;]<\/p>\n","protected":false},"author":1,"featured_media":826,"comment_status":"open","ping_status":"open","sticky":false,"template":"","format":"standard","meta":{"footnotes":""},"categories":[5,3,189],"tags":[443,439,442,440,444,441,445],"class_list":["post-825","post","type-post","status-publish","format-standard","has-post-thumbnail","hentry","category-nacionales","category-noticias","category-viajes-y-turismos","tag-climatica","tag-fluir","tag-moda","tag-pasarela","tag-plaza","tag-transforma","tag-ucv"],"yoast_head":"<!-- This site is optimized with the Yoast SEO plugin v27.3 - https:\/\/yoast.com\/product\/yoast-seo-wordpress\/ -->\n<title>FLUIR: La pasarela que transforma la moda en acci\u00f3n clim\u00e1tica se apodera de la Plaza Cubierta de la UCV - Br\u00fajula Informativa Digital<\/title>\n<meta name=\"robots\" content=\"index, follow, max-snippet:-1, max-image-preview:large, max-video-preview:-1\" \/>\n<link rel=\"canonical\" href=\"https:\/\/brujulainformativadigital.lat\/?p=825\" \/>\n<meta property=\"og:locale\" content=\"es_ES\" \/>\n<meta property=\"og:type\" content=\"article\" \/>\n<meta property=\"og:title\" content=\"FLUIR: La pasarela que transforma la moda en acci\u00f3n clim\u00e1tica se apodera de la Plaza Cubierta de la UCV - Br\u00fajula Informativa Digital\" \/>\n<meta property=\"og:description\" content=\"***En el marco del D\u00eda Mundial de la Tierra, la Fundaci\u00f3n Embajadoras Venezuela Sostenible (EVS), junto a la Embajada de Suiza y aliados estrat\u00e9gicos, presentan una experiencia de moda circular e impacto social que fusiona la cultura suiza con las tradiciones venezolanas*** Yhonny Rodr\u00edguez | CNP 25.976 Caracas, Venezuela.\u2013 Bajo el lema global \u00abNuestro Poder, [&hellip;]\" \/>\n<meta property=\"og:url\" content=\"https:\/\/brujulainformativadigital.lat\/?p=825\" \/>\n<meta property=\"og:site_name\" content=\"Br\u00fajula Informativa Digital\" \/>\n<meta property=\"article:publisher\" content=\"https:\/\/www.facebook.com\/p\/Brjula-Informativa-Digital-100085876965234\/\" \/>\n<meta property=\"article:published_time\" content=\"2026-04-27T02:24:15+00:00\" \/>\n<meta property=\"article:modified_time\" content=\"2026-04-27T02:24:16+00:00\" \/>\n<meta property=\"og:image\" content=\"https:\/\/brujulainformativadigital.lat\/wp-content\/uploads\/2026\/04\/WhatsApp-Image-2026-04-20-at-21.38.05.jpeg\" \/>\n\t<meta property=\"og:image:width\" content=\"1079\" \/>\n\t<meta property=\"og:image:height\" content=\"862\" \/>\n\t<meta property=\"og:image:type\" content=\"image\/jpeg\" \/>\n<meta name=\"author\" content=\"brujula1\" \/>\n<meta name=\"twitter:card\" content=\"summary_large_image\" \/>\n<meta name=\"twitter:label1\" content=\"Escrito por\" \/>\n\t<meta name=\"twitter:data1\" content=\"brujula1\" \/>\n\t<meta name=\"twitter:label2\" content=\"Tiempo estimado de lectura\" \/>\n\t<meta name=\"twitter:data2\" content=\"4 minutos\" \/>\n<script type=\"application\/ld+json\" class=\"yoast-schema-graph\">{\"@context\":\"https:\\\/\\\/schema.org\",\"@graph\":[{\"@type\":\"Article\",\"@id\":\"https:\\\/\\\/brujulainformativadigital.lat\\\/?p=825#article\",\"isPartOf\":{\"@id\":\"https:\\\/\\\/brujulainformativadigital.lat\\\/?p=825\"},\"author\":{\"name\":\"brujula1\",\"@id\":\"https:\\\/\\\/brujulainformativadigital.lat\\\/#\\\/schema\\\/person\\\/51cc34dd75e270eec12558bb60900d2b\"},\"headline\":\"FLUIR: La pasarela que transforma la moda en acci\u00f3n clim\u00e1tica se apodera de la Plaza Cubierta de la UCV\",\"datePublished\":\"2026-04-27T02:24:15+00:00\",\"dateModified\":\"2026-04-27T02:24:16+00:00\",\"mainEntityOfPage\":{\"@id\":\"https:\\\/\\\/brujulainformativadigital.lat\\\/?p=825\"},\"wordCount\":829,\"commentCount\":0,\"publisher\":{\"@id\":\"https:\\\/\\\/brujulainformativadigital.lat\\\/#organization\"},\"image\":{\"@id\":\"https:\\\/\\\/brujulainformativadigital.lat\\\/?p=825#primaryimage\"},\"thumbnailUrl\":\"https:\\\/\\\/brujulainformativadigital.lat\\\/wp-content\\\/uploads\\\/2026\\\/04\\\/WhatsApp-Image-2026-04-20-at-21.38.05.jpeg\",\"keywords\":[\"clim\u00e1tica\",\"FLUIR\",\"moda\",\"pasarela\",\"Plaza\",\"transforma\",\"UCV\"],\"articleSection\":[\"Nacionales\",\"Noticias\",\"Viajes y Turismos\"],\"inLanguage\":\"es\",\"potentialAction\":[{\"@type\":\"CommentAction\",\"name\":\"Comment\",\"target\":[\"https:\\\/\\\/brujulainformativadigital.lat\\\/?p=825#respond\"]}]},{\"@type\":\"WebPage\",\"@id\":\"https:\\\/\\\/brujulainformativadigital.lat\\\/?p=825\",\"url\":\"https:\\\/\\\/brujulainformativadigital.lat\\\/?p=825\",\"name\":\"FLUIR: La pasarela que transforma la moda en acci\u00f3n clim\u00e1tica se apodera de la Plaza Cubierta de la UCV - Br\u00fajula Informativa Digital\",\"isPartOf\":{\"@id\":\"https:\\\/\\\/brujulainformativadigital.lat\\\/#website\"},\"primaryImageOfPage\":{\"@id\":\"https:\\\/\\\/brujulainformativadigital.lat\\\/?p=825#primaryimage\"},\"image\":{\"@id\":\"https:\\\/\\\/brujulainformativadigital.lat\\\/?p=825#primaryimage\"},\"thumbnailUrl\":\"https:\\\/\\\/brujulainformativadigital.lat\\\/wp-content\\\/uploads\\\/2026\\\/04\\\/WhatsApp-Image-2026-04-20-at-21.38.05.jpeg\",\"datePublished\":\"2026-04-27T02:24:15+00:00\",\"dateModified\":\"2026-04-27T02:24:16+00:00\",\"breadcrumb\":{\"@id\":\"https:\\\/\\\/brujulainformativadigital.lat\\\/?p=825#breadcrumb\"},\"inLanguage\":\"es\",\"potentialAction\":[{\"@type\":\"ReadAction\",\"target\":[\"https:\\\/\\\/brujulainformativadigital.lat\\\/?p=825\"]}]},{\"@type\":\"ImageObject\",\"inLanguage\":\"es\",\"@id\":\"https:\\\/\\\/brujulainformativadigital.lat\\\/?p=825#primaryimage\",\"url\":\"https:\\\/\\\/brujulainformativadigital.lat\\\/wp-content\\\/uploads\\\/2026\\\/04\\\/WhatsApp-Image-2026-04-20-at-21.38.05.jpeg\",\"contentUrl\":\"https:\\\/\\\/brujulainformativadigital.lat\\\/wp-content\\\/uploads\\\/2026\\\/04\\\/WhatsApp-Image-2026-04-20-at-21.38.05.jpeg\",\"width\":1079,\"height\":862},{\"@type\":\"BreadcrumbList\",\"@id\":\"https:\\\/\\\/brujulainformativadigital.lat\\\/?p=825#breadcrumb\",\"itemListElement\":[{\"@type\":\"ListItem\",\"position\":1,\"name\":\"Portada\",\"item\":\"https:\\\/\\\/brujulainformativadigital.lat\\\/\"},{\"@type\":\"ListItem\",\"position\":2,\"name\":\"FLUIR: La pasarela que transforma la moda en acci\u00f3n clim\u00e1tica se apodera de la Plaza Cubierta de la UCV\"}]},{\"@type\":\"WebSite\",\"@id\":\"https:\\\/\\\/brujulainformativadigital.lat\\\/#website\",\"url\":\"https:\\\/\\\/brujulainformativadigital.lat\\\/\",\"name\":\"Br\u00fajula Informativa Digital\",\"description\":\"Haciendo un nuevo periodismo\",\"publisher\":{\"@id\":\"https:\\\/\\\/brujulainformativadigital.lat\\\/#organization\"},\"potentialAction\":[{\"@type\":\"SearchAction\",\"target\":{\"@type\":\"EntryPoint\",\"urlTemplate\":\"https:\\\/\\\/brujulainformativadigital.lat\\\/?s={search_term_string}\"},\"query-input\":{\"@type\":\"PropertyValueSpecification\",\"valueRequired\":true,\"valueName\":\"search_term_string\"}}],\"inLanguage\":\"es\"},{\"@type\":\"Organization\",\"@id\":\"https:\\\/\\\/brujulainformativadigital.lat\\\/#organization\",\"name\":\"Br\u00fajula Informativa Digital\",\"url\":\"https:\\\/\\\/brujulainformativadigital.lat\\\/\",\"logo\":{\"@type\":\"ImageObject\",\"inLanguage\":\"es\",\"@id\":\"https:\\\/\\\/brujulainformativadigital.lat\\\/#\\\/schema\\\/logo\\\/image\\\/\",\"url\":\"https:\\\/\\\/brujulainformativadigital.lat\\\/wp-content\\\/uploads\\\/2026\\\/03\\\/logo-2026-transp-1980.png\",\"contentUrl\":\"https:\\\/\\\/brujulainformativadigital.lat\\\/wp-content\\\/uploads\\\/2026\\\/03\\\/logo-2026-transp-1980.png\",\"width\":1980,\"height\":1980,\"caption\":\"Br\u00fajula Informativa Digital\"},\"image\":{\"@id\":\"https:\\\/\\\/brujulainformativadigital.lat\\\/#\\\/schema\\\/logo\\\/image\\\/\"},\"sameAs\":[\"https:\\\/\\\/www.facebook.com\\\/p\\\/Brjula-Informativa-Digital-100085876965234\\\/\",\"https:\\\/\\\/www.instagram.com\\\/brujulainformativadigital\\\/\"]},{\"@type\":\"Person\",\"@id\":\"https:\\\/\\\/brujulainformativadigital.lat\\\/#\\\/schema\\\/person\\\/51cc34dd75e270eec12558bb60900d2b\",\"name\":\"brujula1\",\"image\":{\"@type\":\"ImageObject\",\"inLanguage\":\"es\",\"@id\":\"https:\\\/\\\/secure.gravatar.com\\\/avatar\\\/7e5c45ac46bcd78760a935e9ae7f3df83da35ffae9cbccfbee5a9c3137b68312?s=96&d=mm&r=g\",\"url\":\"https:\\\/\\\/secure.gravatar.com\\\/avatar\\\/7e5c45ac46bcd78760a935e9ae7f3df83da35ffae9cbccfbee5a9c3137b68312?s=96&d=mm&r=g\",\"contentUrl\":\"https:\\\/\\\/secure.gravatar.com\\\/avatar\\\/7e5c45ac46bcd78760a935e9ae7f3df83da35ffae9cbccfbee5a9c3137b68312?s=96&d=mm&r=g\",\"caption\":\"brujula1\"},\"sameAs\":[\"https:\\\/\\\/brujulainformativadigital.lat\"],\"url\":\"https:\\\/\\\/brujulainformativadigital.lat\\\/?author=1\"}]}<\/script>\n<!-- \/ Yoast SEO plugin. -->","yoast_head_json":{"title":"FLUIR: La pasarela que transforma la moda en acci\u00f3n clim\u00e1tica se apodera de la Plaza Cubierta de la UCV - Br\u00fajula Informativa Digital","robots":{"index":"index","follow":"follow","max-snippet":"max-snippet:-1","max-image-preview":"max-image-preview:large","max-video-preview":"max-video-preview:-1"},"canonical":"https:\/\/brujulainformativadigital.lat\/?p=825","og_locale":"es_ES","og_type":"article","og_title":"FLUIR: La pasarela que transforma la moda en acci\u00f3n clim\u00e1tica se apodera de la Plaza Cubierta de la UCV - Br\u00fajula Informativa Digital","og_description":"***En el marco del D\u00eda Mundial de la Tierra, la Fundaci\u00f3n Embajadoras Venezuela Sostenible (EVS), junto a la Embajada de Suiza y aliados estrat\u00e9gicos, presentan una experiencia de moda circular e impacto social que fusiona la cultura suiza con las tradiciones venezolanas*** Yhonny Rodr\u00edguez | CNP 25.976 Caracas, Venezuela.\u2013 Bajo el lema global \u00abNuestro Poder, [&hellip;]","og_url":"https:\/\/brujulainformativadigital.lat\/?p=825","og_site_name":"Br\u00fajula Informativa Digital","article_publisher":"https:\/\/www.facebook.com\/p\/Brjula-Informativa-Digital-100085876965234\/","article_published_time":"2026-04-27T02:24:15+00:00","article_modified_time":"2026-04-27T02:24:16+00:00","og_image":[{"width":1079,"height":862,"url":"https:\/\/brujulainformativadigital.lat\/wp-content\/uploads\/2026\/04\/WhatsApp-Image-2026-04-20-at-21.38.05.jpeg","type":"image\/jpeg"}],"author":"brujula1","twitter_card":"summary_large_image","twitter_misc":{"Escrito por":"brujula1","Tiempo estimado de lectura":"4 minutos"},"schema":{"@context":"https:\/\/schema.org","@graph":[{"@type":"Article","@id":"https:\/\/brujulainformativadigital.lat\/?p=825#article","isPartOf":{"@id":"https:\/\/brujulainformativadigital.lat\/?p=825"},"author":{"name":"brujula1","@id":"https:\/\/brujulainformativadigital.lat\/#\/schema\/person\/51cc34dd75e270eec12558bb60900d2b"},"headline":"FLUIR: La pasarela que transforma la moda en acci\u00f3n clim\u00e1tica se apodera de la Plaza Cubierta de la UCV","datePublished":"2026-04-27T02:24:15+00:00","dateModified":"2026-04-27T02:24:16+00:00","mainEntityOfPage":{"@id":"https:\/\/brujulainformativadigital.lat\/?p=825"},"wordCount":829,"commentCount":0,"publisher":{"@id":"https:\/\/brujulainformativadigital.lat\/#organization"},"image":{"@id":"https:\/\/brujulainformativadigital.lat\/?p=825#primaryimage"},"thumbnailUrl":"https:\/\/brujulainformativadigital.lat\/wp-content\/uploads\/2026\/04\/WhatsApp-Image-2026-04-20-at-21.38.05.jpeg","keywords":["clim\u00e1tica","FLUIR","moda","pasarela","Plaza","transforma","UCV"],"articleSection":["Nacionales","Noticias","Viajes y Turismos"],"inLanguage":"es","potentialAction":[{"@type":"CommentAction","name":"Comment","target":["https:\/\/brujulainformativadigital.lat\/?p=825#respond"]}]},{"@type":"WebPage","@id":"https:\/\/brujulainformativadigital.lat\/?p=825","url":"https:\/\/brujulainformativadigital.lat\/?p=825","name":"FLUIR: La pasarela que transforma la moda en acci\u00f3n clim\u00e1tica se apodera de la Plaza Cubierta de la UCV - Br\u00fajula Informativa Digital","isPartOf":{"@id":"https:\/\/brujulainformativadigital.lat\/#website"},"primaryImageOfPage":{"@id":"https:\/\/brujulainformativadigital.lat\/?p=825#primaryimage"},"image":{"@id":"https:\/\/brujulainformativadigital.lat\/?p=825#primaryimage"},"thumbnailUrl":"https:\/\/brujulainformativadigital.lat\/wp-content\/uploads\/2026\/04\/WhatsApp-Image-2026-04-20-at-21.38.05.jpeg","datePublished":"2026-04-27T02:24:15+00:00","dateModified":"2026-04-27T02:24:16+00:00","breadcrumb":{"@id":"https:\/\/brujulainformativadigital.lat\/?p=825#breadcrumb"},"inLanguage":"es","potentialAction":[{"@type":"ReadAction","target":["https:\/\/brujulainformativadigital.lat\/?p=825"]}]},{"@type":"ImageObject","inLanguage":"es","@id":"https:\/\/brujulainformativadigital.lat\/?p=825#primaryimage","url":"https:\/\/brujulainformativadigital.lat\/wp-content\/uploads\/2026\/04\/WhatsApp-Image-2026-04-20-at-21.38.05.jpeg","contentUrl":"https:\/\/brujulainformativadigital.lat\/wp-content\/uploads\/2026\/04\/WhatsApp-Image-2026-04-20-at-21.38.05.jpeg","width":1079,"height":862},{"@type":"BreadcrumbList","@id":"https:\/\/brujulainformativadigital.lat\/?p=825#breadcrumb","itemListElement":[{"@type":"ListItem","position":1,"name":"Portada","item":"https:\/\/brujulainformativadigital.lat\/"},{"@type":"ListItem","position":2,"name":"FLUIR: La pasarela que transforma la moda en acci\u00f3n clim\u00e1tica se apodera de la Plaza Cubierta de la UCV"}]},{"@type":"WebSite","@id":"https:\/\/brujulainformativadigital.lat\/#website","url":"https:\/\/brujulainformativadigital.lat\/","name":"Br\u00fajula Informativa Digital","description":"Haciendo un nuevo periodismo","publisher":{"@id":"https:\/\/brujulainformativadigital.lat\/#organization"},"potentialAction":[{"@type":"SearchAction","target":{"@type":"EntryPoint","urlTemplate":"https:\/\/brujulainformativadigital.lat\/?s={search_term_string}"},"query-input":{"@type":"PropertyValueSpecification","valueRequired":true,"valueName":"search_term_string"}}],"inLanguage":"es"},{"@type":"Organization","@id":"https:\/\/brujulainformativadigital.lat\/#organization","name":"Br\u00fajula Informativa Digital","url":"https:\/\/brujulainformativadigital.lat\/","logo":{"@type":"ImageObject","inLanguage":"es","@id":"https:\/\/brujulainformativadigital.lat\/#\/schema\/logo\/image\/","url":"https:\/\/brujulainformativadigital.lat\/wp-content\/uploads\/2026\/03\/logo-2026-transp-1980.png","contentUrl":"https:\/\/brujulainformativadigital.lat\/wp-content\/uploads\/2026\/03\/logo-2026-transp-1980.png","width":1980,"height":1980,"caption":"Br\u00fajula Informativa Digital"},"image":{"@id":"https:\/\/brujulainformativadigital.lat\/#\/schema\/logo\/image\/"},"sameAs":["https:\/\/www.facebook.com\/p\/Brjula-Informativa-Digital-100085876965234\/","https:\/\/www.instagram.com\/brujulainformativadigital\/"]},{"@type":"Person","@id":"https:\/\/brujulainformativadigital.lat\/#\/schema\/person\/51cc34dd75e270eec12558bb60900d2b","name":"brujula1","image":{"@type":"ImageObject","inLanguage":"es","@id":"https:\/\/secure.gravatar.com\/avatar\/7e5c45ac46bcd78760a935e9ae7f3df83da35ffae9cbccfbee5a9c3137b68312?s=96&d=mm&r=g","url":"https:\/\/secure.gravatar.com\/avatar\/7e5c45ac46bcd78760a935e9ae7f3df83da35ffae9cbccfbee5a9c3137b68312?s=96&d=mm&r=g","contentUrl":"https:\/\/secure.gravatar.com\/avatar\/7e5c45ac46bcd78760a935e9ae7f3df83da35ffae9cbccfbee5a9c3137b68312?s=96&d=mm&r=g","caption":"brujula1"},"sameAs":["https:\/\/brujulainformativadigital.lat"],"url":"https:\/\/brujulainformativadigital.lat\/?author=1"}]}},"_links":{"self":[{"href":"https:\/\/brujulainformativadigital.lat\/index.php?rest_route=\/wp\/v2\/posts\/825","targetHints":{"allow":["GET"]}}],"collection":[{"href":"https:\/\/brujulainformativadigital.lat\/index.php?rest_route=\/wp\/v2\/posts"}],"about":[{"href":"https:\/\/brujulainformativadigital.lat\/index.php?rest_route=\/wp\/v2\/types\/post"}],"author":[{"embeddable":true,"href":"https:\/\/brujulainformativadigital.lat\/index.php?rest_route=\/wp\/v2\/users\/1"}],"replies":[{"embeddable":true,"href":"https:\/\/brujulainformativadigital.lat\/index.php?rest_route=%2Fwp%2Fv2%2Fcomments&post=825"}],"version-history":[{"count":1,"href":"https:\/\/brujulainformativadigital.lat\/index.php?rest_route=\/wp\/v2\/posts\/825\/revisions"}],"predecessor-version":[{"id":827,"href":"https:\/\/brujulainformativadigital.lat\/index.php?rest_route=\/wp\/v2\/posts\/825\/revisions\/827"}],"wp:featuredmedia":[{"embeddable":true,"href":"https:\/\/brujulainformativadigital.lat\/index.php?rest_route=\/wp\/v2\/media\/826"}],"wp:attachment":[{"href":"https:\/\/brujulainformativadigital.lat\/index.php?rest_route=%2Fwp%2Fv2%2Fmedia&parent=825"}],"wp:term":[{"taxonomy":"category","embeddable":true,"href":"https:\/\/brujulainformativadigital.lat\/index.php?rest_route=%2Fwp%2Fv2%2Fcategories&post=825"},{"taxonomy":"post_tag","embeddable":true,"href":"https:\/\/brujulainformativadigital.lat\/index.php?rest_route=%2Fwp%2Fv2%2Ftags&post=825"}],"curies":[{"name":"wp","href":"https:\/\/api.w.org\/{rel}","templated":true}]}}