{"id":828,"date":"2026-04-26T22:37:14","date_gmt":"2026-04-27T02:37:14","guid":{"rendered":"https:\/\/brujulainformativadigital.lat\/?p=828"},"modified":"2026-04-26T22:37:14","modified_gmt":"2026-04-27T02:37:14","slug":"alcalde-hernan-rodriguez-y-gnb-refuerzan-estrategias-de-seguridad-en-el-eje-sur-de-anzoategui","status":"publish","type":"post","link":"https:\/\/brujulainformativadigital.lat\/?p=828","title":{"rendered":"Alcalde Hern\u00e1n Rodr\u00edguez y GNB refuerzan estrategias de seguridad en el eje sur de Anzo\u00e1tegui"},"content":{"rendered":"\n<hr class=\"wp-block-separator has-alpha-channel-opacity\"\/>\n\n\n\n<h2 class=\"wp-block-heading has-text-align-center\"><em>***El alcalde del municipio Independencia, Hern\u00e1n Rodr\u00edguez, coordin\u00f3 con altos mandos de la GNB y el Ej\u00e9rcito un plan de acci\u00f3n estrat\u00e9gica para reforzar la seguridad y reducir los accidentes de tr\u00e1nsito en el eje sur de Anzo\u00e1tegui***<\/em><\/h2>\n\n\n\n<hr class=\"wp-block-separator has-alpha-channel-opacity\"\/>\n\n\n\n<p><strong>(Prensa Alcald\u00eda de Ciudad Orinoco). &#8211;<\/strong> El alcalde del municipio Independencia, Hern\u00e1n Rodr\u00edguez, sostuvo un encuentro estrat\u00e9gico con el G\/B Ronald Hern\u00e1ndez Mora, comandante de Zona N\u00b0 52 de la Guardia Nacional Bolivariana (CZGNB-52) y el G\/B de Pawer Avelino Gonz\u00e1lez, comandante de la 33 Brigada de Caribe G.B Valent\u00edn Garc\u00eda San Tom\u00e9, con el firme objetivo de reforzar estrategias de seguridad, reducir los \u00edndices delictivos y minimizar los accidentes de tr\u00e1nsito en la zona.<\/p>\n\n\n<div class=\"wp-block-image\">\n<figure class=\"aligncenter size-large\"><img loading=\"lazy\" decoding=\"async\" width=\"810\" height=\"608\" src=\"https:\/\/brujulainformativadigital.lat\/wp-content\/uploads\/2026\/04\/WhatsApp-Image-2026-04-25-at-09.59.16-1-edited.jpeg\" alt=\"\" class=\"wp-image-832\" srcset=\"https:\/\/brujulainformativadigital.lat\/wp-content\/uploads\/2026\/04\/WhatsApp-Image-2026-04-25-at-09.59.16-1-edited.jpeg 810w, https:\/\/brujulainformativadigital.lat\/wp-content\/uploads\/2026\/04\/WhatsApp-Image-2026-04-25-at-09.59.16-1-edited-300x225.jpeg 300w, https:\/\/brujulainformativadigital.lat\/wp-content\/uploads\/2026\/04\/WhatsApp-Image-2026-04-25-at-09.59.16-1-edited-768x576.jpeg 768w\" sizes=\"auto, (max-width: 810px) 100vw, 810px\" \/><\/figure>\n<\/div>\n\n\n<p>La m\u00e1xima autoridad del municipio Independencia, destac\u00f3 que la reuni\u00f3n, celebrada en la sede del Destacamento 523, se centr\u00f3 en el dise\u00f1o de un plan de acci\u00f3n preventiva destinado a blindar las principales v\u00edas de comunicaci\u00f3n del eje sur del estado Anzo\u00e1tegui, bajo la premisa de la <strong>\u00abuni\u00f3n c\u00edvico-militar-policial\u00bb,<\/strong> donde se acord\u00f3 el despliegue de operativos conjuntos para garantizar el orden p\u00fablico y la paz ciudadana.<\/p>\n\n\n<div class=\"wp-block-image\">\n<figure class=\"aligncenter size-large\"><img loading=\"lazy\" decoding=\"async\" width=\"1024\" height=\"717\" src=\"https:\/\/brujulainformativadigital.lat\/wp-content\/uploads\/2026\/04\/WhatsApp-Image-2026-04-25-at-09.59.15-2-1024x717.jpeg\" alt=\"\" class=\"wp-image-829\" srcset=\"https:\/\/brujulainformativadigital.lat\/wp-content\/uploads\/2026\/04\/WhatsApp-Image-2026-04-25-at-09.59.15-2-1024x717.jpeg 1024w, https:\/\/brujulainformativadigital.lat\/wp-content\/uploads\/2026\/04\/WhatsApp-Image-2026-04-25-at-09.59.15-2-300x210.jpeg 300w, https:\/\/brujulainformativadigital.lat\/wp-content\/uploads\/2026\/04\/WhatsApp-Image-2026-04-25-at-09.59.15-2-768x538.jpeg 768w, https:\/\/brujulainformativadigital.lat\/wp-content\/uploads\/2026\/04\/WhatsApp-Image-2026-04-25-at-09.59.15-2.jpeg 1080w\" sizes=\"auto, (max-width: 1024px) 100vw, 1024px\" \/><\/figure>\n<\/div>\n\n\n<p><em><strong>\u00abEstas acciones forman parte de un esfuerzo articulado para ofrecer una respuesta inmediata y eficiente a la seguridad de la poblaci\u00f3n, es por eso que estamos estableciendo secciones preventivas que nos permitir\u00e1n garantizar la paz, la seguridad y la protecci\u00f3n de todo el pueblo anzoatiguense y de quienes transiten por nuestras arterias viales\u00bb,<\/strong><\/em> afirm\u00f3 el alcalde de Ciudad Orinoco, subrayando que la prevenci\u00f3n es la clave para un desarrollo pr\u00f3spero.<\/p>\n\n\n\n<p>Al encuentro, asistieron representantes de los diversos cuerpos de seguridad y resguardo, quienes aportaron datos t\u00e9cnicos y mapas de calor sobre los puntos en carreteras y zonas de mayor incidencia, informaci\u00f3n que permitir\u00e1 agilizar el refuerzo en el patrullaje inteligente y la presencia de cuadrantes de paz en \u00e1reas estrat\u00e9gicas.<\/p>\n\n\n\n<p><strong>\u270d\ud83c\udffb Leonardo Espa\u00f1a<\/strong><\/p>\n","protected":false},"excerpt":{"rendered":"<p>***El alcalde del municipio Independencia, Hern\u00e1n Rodr\u00edguez, coordin\u00f3 con altos mandos de la GNB y el Ej\u00e9rcito un plan de acci\u00f3n estrat\u00e9gica para reforzar la seguridad y reducir los accidentes de tr\u00e1nsito en el eje sur de Anzo\u00e1tegui***<\/p>\n","protected":false},"author":1,"featured_media":830,"comment_status":"open","ping_status":"open","sticky":false,"template":"","format":"standard","meta":{"footnotes":""},"categories":[3,4,35],"tags":[257,192,447,18,446,295,250],"class_list":["post-828","post","type-post","status-publish","format-standard","has-post-thumbnail","hentry","category-noticias","category-regionales","category-sucesos","tag-alcalde","tag-anzoategui-2","tag-estrategias","tag-gnb","tag-hernan","tag-rodriguez","tag-seguridad"],"yoast_head":"<!-- This site is optimized with the Yoast SEO plugin v27.3 - https:\/\/yoast.com\/product\/yoast-seo-wordpress\/ -->\n<title>Alcalde Hern\u00e1n Rodr\u00edguez y GNB refuerzan estrategias de seguridad en el eje sur de Anzo\u00e1tegui - Br\u00fajula Informativa Digital<\/title>\n<meta name=\"robots\" content=\"index, follow, max-snippet:-1, max-image-preview:large, max-video-preview:-1\" \/>\n<link rel=\"canonical\" href=\"https:\/\/brujulainformativadigital.lat\/?p=828\" \/>\n<meta property=\"og:locale\" content=\"es_ES\" \/>\n<meta property=\"og:type\" content=\"article\" \/>\n<meta property=\"og:title\" content=\"Alcalde Hern\u00e1n Rodr\u00edguez y GNB refuerzan estrategias de seguridad en el eje sur de Anzo\u00e1tegui - Br\u00fajula Informativa Digital\" \/>\n<meta property=\"og:description\" content=\"***El alcalde del municipio Independencia, Hern\u00e1n Rodr\u00edguez, coordin\u00f3 con altos mandos de la GNB y el Ej\u00e9rcito un plan de acci\u00f3n estrat\u00e9gica para reforzar la seguridad y reducir los accidentes de tr\u00e1nsito en el eje sur de Anzo\u00e1tegui***\" \/>\n<meta property=\"og:url\" content=\"https:\/\/brujulainformativadigital.lat\/?p=828\" \/>\n<meta property=\"og:site_name\" content=\"Br\u00fajula Informativa Digital\" \/>\n<meta property=\"article:publisher\" content=\"https:\/\/www.facebook.com\/p\/Brjula-Informativa-Digital-100085876965234\/\" \/>\n<meta property=\"article:published_time\" content=\"2026-04-27T02:37:14+00:00\" \/>\n<meta property=\"og:image\" content=\"https:\/\/brujulainformativadigital.lat\/wp-content\/uploads\/2026\/04\/WhatsApp-Image-2026-04-25-at-09.59.16.jpeg\" \/>\n\t<meta property=\"og:image:width\" content=\"1080\" \/>\n\t<meta property=\"og:image:height\" content=\"698\" \/>\n\t<meta property=\"og:image:type\" content=\"image\/jpeg\" \/>\n<meta name=\"author\" content=\"brujula1\" \/>\n<meta name=\"twitter:card\" content=\"summary_large_image\" \/>\n<meta name=\"twitter:label1\" content=\"Escrito por\" \/>\n\t<meta name=\"twitter:data1\" content=\"brujula1\" \/>\n\t<meta name=\"twitter:label2\" content=\"Tiempo estimado de lectura\" \/>\n\t<meta name=\"twitter:data2\" content=\"2 minutos\" \/>\n<script type=\"application\/ld+json\" class=\"yoast-schema-graph\">{\"@context\":\"https:\\\/\\\/schema.org\",\"@graph\":[{\"@type\":\"Article\",\"@id\":\"https:\\\/\\\/brujulainformativadigital.lat\\\/?p=828#article\",\"isPartOf\":{\"@id\":\"https:\\\/\\\/brujulainformativadigital.lat\\\/?p=828\"},\"author\":{\"name\":\"brujula1\",\"@id\":\"https:\\\/\\\/brujulainformativadigital.lat\\\/#\\\/schema\\\/person\\\/51cc34dd75e270eec12558bb60900d2b\"},\"headline\":\"Alcalde Hern\u00e1n Rodr\u00edguez y GNB refuerzan estrategias de seguridad en el eje sur de Anzo\u00e1tegui\",\"datePublished\":\"2026-04-27T02:37:14+00:00\",\"mainEntityOfPage\":{\"@id\":\"https:\\\/\\\/brujulainformativadigital.lat\\\/?p=828\"},\"wordCount\":354,\"commentCount\":0,\"publisher\":{\"@id\":\"https:\\\/\\\/brujulainformativadigital.lat\\\/#organization\"},\"image\":{\"@id\":\"https:\\\/\\\/brujulainformativadigital.lat\\\/?p=828#primaryimage\"},\"thumbnailUrl\":\"https:\\\/\\\/brujulainformativadigital.lat\\\/wp-content\\\/uploads\\\/2026\\\/04\\\/WhatsApp-Image-2026-04-25-at-09.59.16.jpeg\",\"keywords\":[\"Alcalde\",\"Anzo\u00e1tegui\",\"estrategias\",\"GNB\",\"Hern\u00e1n\",\"Rodr\u00edguez\",\"Seguridad\"],\"articleSection\":[\"Noticias\",\"Regionales\",\"Sucesos\"],\"inLanguage\":\"es\",\"potentialAction\":[{\"@type\":\"CommentAction\",\"name\":\"Comment\",\"target\":[\"https:\\\/\\\/brujulainformativadigital.lat\\\/?p=828#respond\"]}]},{\"@type\":\"WebPage\",\"@id\":\"https:\\\/\\\/brujulainformativadigital.lat\\\/?p=828\",\"url\":\"https:\\\/\\\/brujulainformativadigital.lat\\\/?p=828\",\"name\":\"Alcalde Hern\u00e1n Rodr\u00edguez y GNB refuerzan estrategias de seguridad en el eje sur de Anzo\u00e1tegui - Br\u00fajula Informativa Digital\",\"isPartOf\":{\"@id\":\"https:\\\/\\\/brujulainformativadigital.lat\\\/#website\"},\"primaryImageOfPage\":{\"@id\":\"https:\\\/\\\/brujulainformativadigital.lat\\\/?p=828#primaryimage\"},\"image\":{\"@id\":\"https:\\\/\\\/brujulainformativadigital.lat\\\/?p=828#primaryimage\"},\"thumbnailUrl\":\"https:\\\/\\\/brujulainformativadigital.lat\\\/wp-content\\\/uploads\\\/2026\\\/04\\\/WhatsApp-Image-2026-04-25-at-09.59.16.jpeg\",\"datePublished\":\"2026-04-27T02:37:14+00:00\",\"breadcrumb\":{\"@id\":\"https:\\\/\\\/brujulainformativadigital.lat\\\/?p=828#breadcrumb\"},\"inLanguage\":\"es\",\"potentialAction\":[{\"@type\":\"ReadAction\",\"target\":[\"https:\\\/\\\/brujulainformativadigital.lat\\\/?p=828\"]}]},{\"@type\":\"ImageObject\",\"inLanguage\":\"es\",\"@id\":\"https:\\\/\\\/brujulainformativadigital.lat\\\/?p=828#primaryimage\",\"url\":\"https:\\\/\\\/brujulainformativadigital.lat\\\/wp-content\\\/uploads\\\/2026\\\/04\\\/WhatsApp-Image-2026-04-25-at-09.59.16.jpeg\",\"contentUrl\":\"https:\\\/\\\/brujulainformativadigital.lat\\\/wp-content\\\/uploads\\\/2026\\\/04\\\/WhatsApp-Image-2026-04-25-at-09.59.16.jpeg\",\"width\":1080,\"height\":698},{\"@type\":\"BreadcrumbList\",\"@id\":\"https:\\\/\\\/brujulainformativadigital.lat\\\/?p=828#breadcrumb\",\"itemListElement\":[{\"@type\":\"ListItem\",\"position\":1,\"name\":\"Portada\",\"item\":\"https:\\\/\\\/brujulainformativadigital.lat\\\/\"},{\"@type\":\"ListItem\",\"position\":2,\"name\":\"Alcalde Hern\u00e1n Rodr\u00edguez y GNB refuerzan estrategias de seguridad en el eje sur de Anzo\u00e1tegui\"}]},{\"@type\":\"WebSite\",\"@id\":\"https:\\\/\\\/brujulainformativadigital.lat\\\/#website\",\"url\":\"https:\\\/\\\/brujulainformativadigital.lat\\\/\",\"name\":\"Br\u00fajula Informativa Digital\",\"description\":\"Haciendo un nuevo periodismo\",\"publisher\":{\"@id\":\"https:\\\/\\\/brujulainformativadigital.lat\\\/#organization\"},\"potentialAction\":[{\"@type\":\"SearchAction\",\"target\":{\"@type\":\"EntryPoint\",\"urlTemplate\":\"https:\\\/\\\/brujulainformativadigital.lat\\\/?s={search_term_string}\"},\"query-input\":{\"@type\":\"PropertyValueSpecification\",\"valueRequired\":true,\"valueName\":\"search_term_string\"}}],\"inLanguage\":\"es\"},{\"@type\":\"Organization\",\"@id\":\"https:\\\/\\\/brujulainformativadigital.lat\\\/#organization\",\"name\":\"Br\u00fajula Informativa Digital\",\"url\":\"https:\\\/\\\/brujulainformativadigital.lat\\\/\",\"logo\":{\"@type\":\"ImageObject\",\"inLanguage\":\"es\",\"@id\":\"https:\\\/\\\/brujulainformativadigital.lat\\\/#\\\/schema\\\/logo\\\/image\\\/\",\"url\":\"https:\\\/\\\/brujulainformativadigital.lat\\\/wp-content\\\/uploads\\\/2026\\\/03\\\/logo-2026-transp-1980.png\",\"contentUrl\":\"https:\\\/\\\/brujulainformativadigital.lat\\\/wp-content\\\/uploads\\\/2026\\\/03\\\/logo-2026-transp-1980.png\",\"width\":1980,\"height\":1980,\"caption\":\"Br\u00fajula Informativa Digital\"},\"image\":{\"@id\":\"https:\\\/\\\/brujulainformativadigital.lat\\\/#\\\/schema\\\/logo\\\/image\\\/\"},\"sameAs\":[\"https:\\\/\\\/www.facebook.com\\\/p\\\/Brjula-Informativa-Digital-100085876965234\\\/\",\"https:\\\/\\\/www.instagram.com\\\/brujulainformativadigital\\\/\"]},{\"@type\":\"Person\",\"@id\":\"https:\\\/\\\/brujulainformativadigital.lat\\\/#\\\/schema\\\/person\\\/51cc34dd75e270eec12558bb60900d2b\",\"name\":\"brujula1\",\"image\":{\"@type\":\"ImageObject\",\"inLanguage\":\"es\",\"@id\":\"https:\\\/\\\/secure.gravatar.com\\\/avatar\\\/7e5c45ac46bcd78760a935e9ae7f3df83da35ffae9cbccfbee5a9c3137b68312?s=96&d=mm&r=g\",\"url\":\"https:\\\/\\\/secure.gravatar.com\\\/avatar\\\/7e5c45ac46bcd78760a935e9ae7f3df83da35ffae9cbccfbee5a9c3137b68312?s=96&d=mm&r=g\",\"contentUrl\":\"https:\\\/\\\/secure.gravatar.com\\\/avatar\\\/7e5c45ac46bcd78760a935e9ae7f3df83da35ffae9cbccfbee5a9c3137b68312?s=96&d=mm&r=g\",\"caption\":\"brujula1\"},\"sameAs\":[\"https:\\\/\\\/brujulainformativadigital.lat\"],\"url\":\"https:\\\/\\\/brujulainformativadigital.lat\\\/?author=1\"}]}<\/script>\n<!-- \/ Yoast SEO plugin. -->","yoast_head_json":{"title":"Alcalde Hern\u00e1n Rodr\u00edguez y GNB refuerzan estrategias de seguridad en el eje sur de Anzo\u00e1tegui - Br\u00fajula Informativa Digital","robots":{"index":"index","follow":"follow","max-snippet":"max-snippet:-1","max-image-preview":"max-image-preview:large","max-video-preview":"max-video-preview:-1"},"canonical":"https:\/\/brujulainformativadigital.lat\/?p=828","og_locale":"es_ES","og_type":"article","og_title":"Alcalde Hern\u00e1n Rodr\u00edguez y GNB refuerzan estrategias de seguridad en el eje sur de Anzo\u00e1tegui - Br\u00fajula Informativa Digital","og_description":"***El alcalde del municipio Independencia, Hern\u00e1n Rodr\u00edguez, coordin\u00f3 con altos mandos de la GNB y el Ej\u00e9rcito un plan de acci\u00f3n estrat\u00e9gica para reforzar la seguridad y reducir los accidentes de tr\u00e1nsito en el eje sur de Anzo\u00e1tegui***","og_url":"https:\/\/brujulainformativadigital.lat\/?p=828","og_site_name":"Br\u00fajula Informativa Digital","article_publisher":"https:\/\/www.facebook.com\/p\/Brjula-Informativa-Digital-100085876965234\/","article_published_time":"2026-04-27T02:37:14+00:00","og_image":[{"width":1080,"height":698,"url":"https:\/\/brujulainformativadigital.lat\/wp-content\/uploads\/2026\/04\/WhatsApp-Image-2026-04-25-at-09.59.16.jpeg","type":"image\/jpeg"}],"author":"brujula1","twitter_card":"summary_large_image","twitter_misc":{"Escrito por":"brujula1","Tiempo estimado de lectura":"2 minutos"},"schema":{"@context":"https:\/\/schema.org","@graph":[{"@type":"Article","@id":"https:\/\/brujulainformativadigital.lat\/?p=828#article","isPartOf":{"@id":"https:\/\/brujulainformativadigital.lat\/?p=828"},"author":{"name":"brujula1","@id":"https:\/\/brujulainformativadigital.lat\/#\/schema\/person\/51cc34dd75e270eec12558bb60900d2b"},"headline":"Alcalde Hern\u00e1n Rodr\u00edguez y GNB refuerzan estrategias de seguridad en el eje sur de Anzo\u00e1tegui","datePublished":"2026-04-27T02:37:14+00:00","mainEntityOfPage":{"@id":"https:\/\/brujulainformativadigital.lat\/?p=828"},"wordCount":354,"commentCount":0,"publisher":{"@id":"https:\/\/brujulainformativadigital.lat\/#organization"},"image":{"@id":"https:\/\/brujulainformativadigital.lat\/?p=828#primaryimage"},"thumbnailUrl":"https:\/\/brujulainformativadigital.lat\/wp-content\/uploads\/2026\/04\/WhatsApp-Image-2026-04-25-at-09.59.16.jpeg","keywords":["Alcalde","Anzo\u00e1tegui","estrategias","GNB","Hern\u00e1n","Rodr\u00edguez","Seguridad"],"articleSection":["Noticias","Regionales","Sucesos"],"inLanguage":"es","potentialAction":[{"@type":"CommentAction","name":"Comment","target":["https:\/\/brujulainformativadigital.lat\/?p=828#respond"]}]},{"@type":"WebPage","@id":"https:\/\/brujulainformativadigital.lat\/?p=828","url":"https:\/\/brujulainformativadigital.lat\/?p=828","name":"Alcalde Hern\u00e1n Rodr\u00edguez y GNB refuerzan estrategias de seguridad en el eje sur de Anzo\u00e1tegui - Br\u00fajula Informativa Digital","isPartOf":{"@id":"https:\/\/brujulainformativadigital.lat\/#website"},"primaryImageOfPage":{"@id":"https:\/\/brujulainformativadigital.lat\/?p=828#primaryimage"},"image":{"@id":"https:\/\/brujulainformativadigital.lat\/?p=828#primaryimage"},"thumbnailUrl":"https:\/\/brujulainformativadigital.lat\/wp-content\/uploads\/2026\/04\/WhatsApp-Image-2026-04-25-at-09.59.16.jpeg","datePublished":"2026-04-27T02:37:14+00:00","breadcrumb":{"@id":"https:\/\/brujulainformativadigital.lat\/?p=828#breadcrumb"},"inLanguage":"es","potentialAction":[{"@type":"ReadAction","target":["https:\/\/brujulainformativadigital.lat\/?p=828"]}]},{"@type":"ImageObject","inLanguage":"es","@id":"https:\/\/brujulainformativadigital.lat\/?p=828#primaryimage","url":"https:\/\/brujulainformativadigital.lat\/wp-content\/uploads\/2026\/04\/WhatsApp-Image-2026-04-25-at-09.59.16.jpeg","contentUrl":"https:\/\/brujulainformativadigital.lat\/wp-content\/uploads\/2026\/04\/WhatsApp-Image-2026-04-25-at-09.59.16.jpeg","width":1080,"height":698},{"@type":"BreadcrumbList","@id":"https:\/\/brujulainformativadigital.lat\/?p=828#breadcrumb","itemListElement":[{"@type":"ListItem","position":1,"name":"Portada","item":"https:\/\/brujulainformativadigital.lat\/"},{"@type":"ListItem","position":2,"name":"Alcalde Hern\u00e1n Rodr\u00edguez y GNB refuerzan estrategias de seguridad en el eje sur de Anzo\u00e1tegui"}]},{"@type":"WebSite","@id":"https:\/\/brujulainformativadigital.lat\/#website","url":"https:\/\/brujulainformativadigital.lat\/","name":"Br\u00fajula Informativa Digital","description":"Haciendo un nuevo periodismo","publisher":{"@id":"https:\/\/brujulainformativadigital.lat\/#organization"},"potentialAction":[{"@type":"SearchAction","target":{"@type":"EntryPoint","urlTemplate":"https:\/\/brujulainformativadigital.lat\/?s={search_term_string}"},"query-input":{"@type":"PropertyValueSpecification","valueRequired":true,"valueName":"search_term_string"}}],"inLanguage":"es"},{"@type":"Organization","@id":"https:\/\/brujulainformativadigital.lat\/#organization","name":"Br\u00fajula Informativa Digital","url":"https:\/\/brujulainformativadigital.lat\/","logo":{"@type":"ImageObject","inLanguage":"es","@id":"https:\/\/brujulainformativadigital.lat\/#\/schema\/logo\/image\/","url":"https:\/\/brujulainformativadigital.lat\/wp-content\/uploads\/2026\/03\/logo-2026-transp-1980.png","contentUrl":"https:\/\/brujulainformativadigital.lat\/wp-content\/uploads\/2026\/03\/logo-2026-transp-1980.png","width":1980,"height":1980,"caption":"Br\u00fajula Informativa Digital"},"image":{"@id":"https:\/\/brujulainformativadigital.lat\/#\/schema\/logo\/image\/"},"sameAs":["https:\/\/www.facebook.com\/p\/Brjula-Informativa-Digital-100085876965234\/","https:\/\/www.instagram.com\/brujulainformativadigital\/"]},{"@type":"Person","@id":"https:\/\/brujulainformativadigital.lat\/#\/schema\/person\/51cc34dd75e270eec12558bb60900d2b","name":"brujula1","image":{"@type":"ImageObject","inLanguage":"es","@id":"https:\/\/secure.gravatar.com\/avatar\/7e5c45ac46bcd78760a935e9ae7f3df83da35ffae9cbccfbee5a9c3137b68312?s=96&d=mm&r=g","url":"https:\/\/secure.gravatar.com\/avatar\/7e5c45ac46bcd78760a935e9ae7f3df83da35ffae9cbccfbee5a9c3137b68312?s=96&d=mm&r=g","contentUrl":"https:\/\/secure.gravatar.com\/avatar\/7e5c45ac46bcd78760a935e9ae7f3df83da35ffae9cbccfbee5a9c3137b68312?s=96&d=mm&r=g","caption":"brujula1"},"sameAs":["https:\/\/brujulainformativadigital.lat"],"url":"https:\/\/brujulainformativadigital.lat\/?author=1"}]}},"_links":{"self":[{"href":"https:\/\/brujulainformativadigital.lat\/index.php?rest_route=\/wp\/v2\/posts\/828","targetHints":{"allow":["GET"]}}],"collection":[{"href":"https:\/\/brujulainformativadigital.lat\/index.php?rest_route=\/wp\/v2\/posts"}],"about":[{"href":"https:\/\/brujulainformativadigital.lat\/index.php?rest_route=\/wp\/v2\/types\/post"}],"author":[{"embeddable":true,"href":"https:\/\/brujulainformativadigital.lat\/index.php?rest_route=\/wp\/v2\/users\/1"}],"replies":[{"embeddable":true,"href":"https:\/\/brujulainformativadigital.lat\/index.php?rest_route=%2Fwp%2Fv2%2Fcomments&post=828"}],"version-history":[{"count":1,"href":"https:\/\/brujulainformativadigital.lat\/index.php?rest_route=\/wp\/v2\/posts\/828\/revisions"}],"predecessor-version":[{"id":833,"href":"https:\/\/brujulainformativadigital.lat\/index.php?rest_route=\/wp\/v2\/posts\/828\/revisions\/833"}],"wp:featuredmedia":[{"embeddable":true,"href":"https:\/\/brujulainformativadigital.lat\/index.php?rest_route=\/wp\/v2\/media\/830"}],"wp:attachment":[{"href":"https:\/\/brujulainformativadigital.lat\/index.php?rest_route=%2Fwp%2Fv2%2Fmedia&parent=828"}],"wp:term":[{"taxonomy":"category","embeddable":true,"href":"https:\/\/brujulainformativadigital.lat\/index.php?rest_route=%2Fwp%2Fv2%2Fcategories&post=828"},{"taxonomy":"post_tag","embeddable":true,"href":"https:\/\/brujulainformativadigital.lat\/index.php?rest_route=%2Fwp%2Fv2%2Ftags&post=828"}],"curies":[{"name":"wp","href":"https:\/\/api.w.org\/{rel}","templated":true}]}}