{"id":855,"date":"2026-04-28T00:49:06","date_gmt":"2026-04-28T04:49:06","guid":{"rendered":"https:\/\/brujulainformativadigital.lat\/?p=855"},"modified":"2026-04-28T00:53:49","modified_gmt":"2026-04-28T04:53:49","slug":"el-llano-se-viste-de-luto-fallece-jose-ali-nieves-el-eterno-pico-de-oro-de-venezuela","status":"publish","type":"post","link":"https:\/\/brujulainformativadigital.lat\/?p=855","title":{"rendered":"El llano se viste de luto: Fallece Jos\u00e9 Al\u00ed Nieves, el eterno \u201cPico de Oro de Venezuela\u201d"},"content":{"rendered":"\n<hr class=\"wp-block-separator has-alpha-channel-opacity\"\/>\n\n\n\n<h2 class=\"wp-block-heading has-text-align-center\"><em>***La m\u00fasica llanera pierde a uno de sus m\u00e1ximos exponentes; el equipo de Br\u00fajula Informativa Digital se une al clamor popular para honrar la memoria de un artista que hizo de la copla y el pasaje un estandarte de venezolanidad***<\/em><\/h2>\n\n\n\n<hr class=\"wp-block-separator has-alpha-channel-opacity\"\/>\n\n\n\n<p><strong>Yhonny Rodr\u00edguez | CNP 25.976<\/strong><\/p>\n\n\n\n<p><strong>Ciudad Bol\u00edvar \/ Apure. \u2013<\/strong> El arpa, el cuatro y las maracas hoy suenan con un tono de nostalgia. El folclor venezolano ha sufrido una p\u00e9rdida irreparable con el fallecimiento de Don Jos\u00e9 Al\u00ed Nieves, conocido en cada rinc\u00f3n de la geograf\u00eda nacional como el <strong>\u201cPico de Oro de Venezuela\u201d.<\/strong> Su partida f\u00edsica deja un vac\u00edo inmenso en las parrandas, los festivales y en el coraz\u00f3n de un pueblo que creci\u00f3 escuchando su voz recia y melodiosa.<\/p>\n\n\n\n<h2 class=\"wp-block-heading\">Una voz que defini\u00f3 al hombre de a caballo<\/h2>\n\n\n\n<p>Jos\u00e9 Al\u00ed Nieves no fue solo un cantante; fue un cronista del sentimiento llanero. Su apodo, <strong>\u00abEl Pico de Oro\u00bb,<\/strong> no era una simple etiqueta, sino el reconocimiento a una capacidad interpretativa y una pureza vocal que lo distinguieron entre los grandes. A lo largo de su carrera, logr\u00f3 capturar la esencia de la sabana, la faena del trabajador y el orgullo de nuestras ra\u00edces.<\/p>\n\n\n<div class=\"wp-block-image\">\n<figure class=\"aligncenter size-full\"><img loading=\"lazy\" decoding=\"async\" width=\"836\" height=\"471\" src=\"https:\/\/brujulainformativadigital.lat\/wp-content\/uploads\/2026\/04\/imagen-optimizada.jpg\" alt=\"\" class=\"wp-image-857\" srcset=\"https:\/\/brujulainformativadigital.lat\/wp-content\/uploads\/2026\/04\/imagen-optimizada.jpg 836w, https:\/\/brujulainformativadigital.lat\/wp-content\/uploads\/2026\/04\/imagen-optimizada-300x169.jpg 300w, https:\/\/brujulainformativadigital.lat\/wp-content\/uploads\/2026\/04\/imagen-optimizada-768x433.jpg 768w\" sizes=\"auto, (max-width: 836px) 100vw, 836px\" \/><\/figure>\n<\/div>\n\n\n<p>Su legado se mantiene vivo a trav\u00e9s de un cancionero que ya forma parte de la identidad cultural del pa\u00eds. Entre sus temas m\u00e1s emblem\u00e1ticos destacan:<\/p>\n\n\n\n<p><strong>\u00abYo No Vendo Mi Caballo\u00bb:<\/strong> Convertida en un verdadero himno a la fidelidad y a la m\u00edstica conexi\u00f3n entre el llanero y su fiel compa\u00f1ero de caminos.<\/p>\n\n\n\n<p><strong>\u00abPescador del R\u00edo Apure\u00bb:<\/strong> Una oda magistral a la vida cotidiana en las riberas, que describe con precisi\u00f3n el paisaje y el esfuerzo de quienes viven del caudal de nuestros r\u00edos.<\/p>\n\n\n\n<p><strong>\u00abRumbo al Jag\u00fcey\u00bb:<\/strong> Un cl\u00e1sico imprescindible de la m\u00fasica criolla que retrata la faena llanera y la inmensidad del horizonte que nos define.<\/p>\n\n\n\n<h2 class=\"wp-block-heading\">Sentimiento desde el estado Bol\u00edvar<\/h2>\n\n\n\n<p>Desde el estado Bol\u00edvar, el equipo de prensa de Br\u00fajula Informativa Digital se une al sentimiento de pesar que embarga a su familia, amigos y a la comunidad art\u00edstica. Como plataforma comprometida con la difusi\u00f3n de nuestra cultura, lamentamos profundamente la p\u00e9rdida de uno de los <strong>\u00abbuenos\u00bb<\/strong>, de esos artistas cuya trayectoria fue impecable y cuya voz nunca se apag\u00f3 ante los desaf\u00edos del tiempo.<\/p>\n\n\n\n<p><strong><em>\u00abDon Jos\u00e9 Al\u00ed Nieves fue, es y ser\u00e1 una referencia obligatoria para entender la grandeza de nuestra m\u00fasica. Su voz cruz\u00f3 fronteras y su humildad lo hizo grande entre los grandes\u00bb.<\/em><\/strong><\/p>\n\n\n\n<h2 class=\"wp-block-heading\">El adi\u00f3s a una leyenda<\/h2>\n\n\n\n<p>Con su partida, el llano pierde a un defensor incansable de la copla, pero la historia gana a una leyenda. Jos\u00e9 Al\u00ed Nieves se despide de los escenarios terrenales para cabalgar en las sabanas del cielo, dejando tras de s\u00ed un rastro de autenticidad que servir\u00e1 de gu\u00eda para las nuevas generaciones de cantautores.<\/p>\n\n\n\n<figure class=\"wp-block-video aligncenter\"><video height=\"1280\" style=\"aspect-ratio: 720 \/ 1280;\" width=\"720\" controls src=\"https:\/\/brujulainformativadigital.lat\/wp-content\/uploads\/2026\/04\/AQNcY13OuWrPgd0_spUV-RSRU2zH0JUBNMTq5jekFrdDbvDK7VAYgPVNZrwMOTaEjY5j3C75-eFmCj8Z_LzFzwABFYegZO4Tb8aROKQ-1.mp4\"><\/video><\/figure>\n\n\n\n<p><strong><em>\u00a1Paz a su alma y que su canto siga resonando en cada rinc\u00f3n de Venezuela!<\/em><\/strong><\/p>\n\n\n\n<hr class=\"wp-block-separator has-alpha-channel-opacity\"\/>\n\n\n\n<h2 class=\"wp-block-heading\">Gerencia de Comunicaciones<\/h2>\n\n\n\n<p><strong>Br\u00fajula Informativa Digital<\/strong><\/p>\n\n\n\n<p><strong>Ciudad Bol\u00edvar, estado Bol\u00edvar &#8211; Venezuela<\/strong><\/p>\n\n\n\n<p><\/p>\n","protected":false},"excerpt":{"rendered":"<p>***La m\u00fasica llanera pierde a uno de sus m\u00e1ximos exponentes; el equipo de Br\u00fajula Informativa Digital se une al clamor popular para honrar la memoria de un artista que hizo de la copla y el pasaje un estandarte de venezolanidad***<\/p>\n","protected":false},"author":1,"featured_media":858,"comment_status":"open","ping_status":"open","sticky":false,"template":"","format":"standard","meta":{"footnotes":""},"categories":[73,5,3],"tags":[458,175,457,77,456,459,461,460,105],"class_list":["post-855","post","type-post","status-publish","format-standard","has-post-thumbnail","hentry","category-esencia-criolla","category-nacionales","category-noticias","tag-ali","tag-fallece","tag-jose","tag-llano","tag-luto","tag-nieves","tag-oro","tag-pico","tag-venezuela"],"yoast_head":"<!-- This site is optimized with the Yoast SEO plugin v27.4 - https:\/\/yoast.com\/product\/yoast-seo-wordpress\/ -->\n<title>El llano se viste de luto: Fallece Jos\u00e9 Al\u00ed Nieves, el eterno \u201cPico de Oro de Venezuela\u201d - Br\u00fajula Informativa Digital<\/title>\n<meta name=\"robots\" content=\"index, follow, max-snippet:-1, max-image-preview:large, max-video-preview:-1\" \/>\n<link rel=\"canonical\" href=\"https:\/\/brujulainformativadigital.lat\/?p=855\" \/>\n<meta property=\"og:locale\" content=\"es_ES\" \/>\n<meta property=\"og:type\" content=\"article\" \/>\n<meta property=\"og:title\" content=\"El llano se viste de luto: Fallece Jos\u00e9 Al\u00ed Nieves, el eterno \u201cPico de Oro de Venezuela\u201d - Br\u00fajula Informativa Digital\" \/>\n<meta property=\"og:description\" content=\"***La m\u00fasica llanera pierde a uno de sus m\u00e1ximos exponentes; el equipo de Br\u00fajula Informativa Digital se une al clamor popular para honrar la memoria de un artista que hizo de la copla y el pasaje un estandarte de venezolanidad***\" \/>\n<meta property=\"og:url\" content=\"https:\/\/brujulainformativadigital.lat\/?p=855\" \/>\n<meta property=\"og:site_name\" content=\"Br\u00fajula Informativa Digital\" \/>\n<meta property=\"article:publisher\" content=\"https:\/\/www.facebook.com\/p\/Brjula-Informativa-Digital-100085876965234\/\" \/>\n<meta property=\"article:published_time\" content=\"2026-04-28T04:49:06+00:00\" \/>\n<meta property=\"article:modified_time\" content=\"2026-04-28T04:53:49+00:00\" \/>\n<meta property=\"og:image\" content=\"https:\/\/brujulainformativadigital.lat\/wp-content\/uploads\/2026\/04\/1900x1900-000000-80-0-0-1.jpg\" \/>\n\t<meta property=\"og:image:width\" content=\"1900\" \/>\n\t<meta property=\"og:image:height\" content=\"1708\" \/>\n\t<meta property=\"og:image:type\" content=\"image\/jpeg\" \/>\n<meta name=\"author\" content=\"brujula1\" \/>\n<meta name=\"twitter:card\" content=\"summary_large_image\" \/>\n<meta name=\"twitter:label1\" content=\"Escrito por\" \/>\n\t<meta name=\"twitter:data1\" content=\"brujula1\" \/>\n\t<meta name=\"twitter:label2\" content=\"Tiempo estimado de lectura\" \/>\n\t<meta name=\"twitter:data2\" content=\"3 minutos\" \/>\n<script type=\"application\/ld+json\" class=\"yoast-schema-graph\">{\"@context\":\"https:\\\/\\\/schema.org\",\"@graph\":[{\"@type\":\"Article\",\"@id\":\"https:\\\/\\\/brujulainformativadigital.lat\\\/?p=855#article\",\"isPartOf\":{\"@id\":\"https:\\\/\\\/brujulainformativadigital.lat\\\/?p=855\"},\"author\":{\"name\":\"brujula1\",\"@id\":\"https:\\\/\\\/brujulainformativadigital.lat\\\/#\\\/schema\\\/person\\\/51cc34dd75e270eec12558bb60900d2b\"},\"headline\":\"El llano se viste de luto: Fallece Jos\u00e9 Al\u00ed Nieves, el eterno \u201cPico de Oro de Venezuela\u201d\",\"datePublished\":\"2026-04-28T04:49:06+00:00\",\"dateModified\":\"2026-04-28T04:53:49+00:00\",\"mainEntityOfPage\":{\"@id\":\"https:\\\/\\\/brujulainformativadigital.lat\\\/?p=855\"},\"wordCount\":542,\"commentCount\":0,\"publisher\":{\"@id\":\"https:\\\/\\\/brujulainformativadigital.lat\\\/#organization\"},\"image\":{\"@id\":\"https:\\\/\\\/brujulainformativadigital.lat\\\/?p=855#primaryimage\"},\"thumbnailUrl\":\"https:\\\/\\\/brujulainformativadigital.lat\\\/wp-content\\\/uploads\\\/2026\\\/04\\\/1900x1900-000000-80-0-0-1.jpg\",\"keywords\":[\"Al\u00ed\",\"Fallece\",\"Jos\u00e9\",\"Llano\",\"luto\",\"Nieves\",\"Oro\",\"Pico\",\"Venezuela\"],\"articleSection\":[\"Esencia Criolla\",\"Nacionales\",\"Noticias\"],\"inLanguage\":\"es\",\"potentialAction\":[{\"@type\":\"CommentAction\",\"name\":\"Comment\",\"target\":[\"https:\\\/\\\/brujulainformativadigital.lat\\\/?p=855#respond\"]}]},{\"@type\":\"WebPage\",\"@id\":\"https:\\\/\\\/brujulainformativadigital.lat\\\/?p=855\",\"url\":\"https:\\\/\\\/brujulainformativadigital.lat\\\/?p=855\",\"name\":\"El llano se viste de luto: Fallece Jos\u00e9 Al\u00ed Nieves, el eterno \u201cPico de Oro de Venezuela\u201d - Br\u00fajula Informativa Digital\",\"isPartOf\":{\"@id\":\"https:\\\/\\\/brujulainformativadigital.lat\\\/#website\"},\"primaryImageOfPage\":{\"@id\":\"https:\\\/\\\/brujulainformativadigital.lat\\\/?p=855#primaryimage\"},\"image\":{\"@id\":\"https:\\\/\\\/brujulainformativadigital.lat\\\/?p=855#primaryimage\"},\"thumbnailUrl\":\"https:\\\/\\\/brujulainformativadigital.lat\\\/wp-content\\\/uploads\\\/2026\\\/04\\\/1900x1900-000000-80-0-0-1.jpg\",\"datePublished\":\"2026-04-28T04:49:06+00:00\",\"dateModified\":\"2026-04-28T04:53:49+00:00\",\"breadcrumb\":{\"@id\":\"https:\\\/\\\/brujulainformativadigital.lat\\\/?p=855#breadcrumb\"},\"inLanguage\":\"es\",\"potentialAction\":[{\"@type\":\"ReadAction\",\"target\":[\"https:\\\/\\\/brujulainformativadigital.lat\\\/?p=855\"]}]},{\"@type\":\"ImageObject\",\"inLanguage\":\"es\",\"@id\":\"https:\\\/\\\/brujulainformativadigital.lat\\\/?p=855#primaryimage\",\"url\":\"https:\\\/\\\/brujulainformativadigital.lat\\\/wp-content\\\/uploads\\\/2026\\\/04\\\/1900x1900-000000-80-0-0-1.jpg\",\"contentUrl\":\"https:\\\/\\\/brujulainformativadigital.lat\\\/wp-content\\\/uploads\\\/2026\\\/04\\\/1900x1900-000000-80-0-0-1.jpg\",\"width\":1900,\"height\":1708},{\"@type\":\"BreadcrumbList\",\"@id\":\"https:\\\/\\\/brujulainformativadigital.lat\\\/?p=855#breadcrumb\",\"itemListElement\":[{\"@type\":\"ListItem\",\"position\":1,\"name\":\"Portada\",\"item\":\"https:\\\/\\\/brujulainformativadigital.lat\\\/\"},{\"@type\":\"ListItem\",\"position\":2,\"name\":\"El llano se viste de luto: Fallece Jos\u00e9 Al\u00ed Nieves, el eterno \u201cPico de Oro de Venezuela\u201d\"}]},{\"@type\":\"WebSite\",\"@id\":\"https:\\\/\\\/brujulainformativadigital.lat\\\/#website\",\"url\":\"https:\\\/\\\/brujulainformativadigital.lat\\\/\",\"name\":\"Br\u00fajula Informativa Digital\",\"description\":\"Haciendo un nuevo periodismo\",\"publisher\":{\"@id\":\"https:\\\/\\\/brujulainformativadigital.lat\\\/#organization\"},\"potentialAction\":[{\"@type\":\"SearchAction\",\"target\":{\"@type\":\"EntryPoint\",\"urlTemplate\":\"https:\\\/\\\/brujulainformativadigital.lat\\\/?s={search_term_string}\"},\"query-input\":{\"@type\":\"PropertyValueSpecification\",\"valueRequired\":true,\"valueName\":\"search_term_string\"}}],\"inLanguage\":\"es\"},{\"@type\":\"Organization\",\"@id\":\"https:\\\/\\\/brujulainformativadigital.lat\\\/#organization\",\"name\":\"Br\u00fajula Informativa Digital\",\"url\":\"https:\\\/\\\/brujulainformativadigital.lat\\\/\",\"logo\":{\"@type\":\"ImageObject\",\"inLanguage\":\"es\",\"@id\":\"https:\\\/\\\/brujulainformativadigital.lat\\\/#\\\/schema\\\/logo\\\/image\\\/\",\"url\":\"https:\\\/\\\/brujulainformativadigital.lat\\\/wp-content\\\/uploads\\\/2026\\\/03\\\/logo-2026-transp-1980.png\",\"contentUrl\":\"https:\\\/\\\/brujulainformativadigital.lat\\\/wp-content\\\/uploads\\\/2026\\\/03\\\/logo-2026-transp-1980.png\",\"width\":1980,\"height\":1980,\"caption\":\"Br\u00fajula Informativa Digital\"},\"image\":{\"@id\":\"https:\\\/\\\/brujulainformativadigital.lat\\\/#\\\/schema\\\/logo\\\/image\\\/\"},\"sameAs\":[\"https:\\\/\\\/www.facebook.com\\\/p\\\/Brjula-Informativa-Digital-100085876965234\\\/\",\"https:\\\/\\\/www.instagram.com\\\/brujulainformativadigital\\\/\"]},{\"@type\":\"Person\",\"@id\":\"https:\\\/\\\/brujulainformativadigital.lat\\\/#\\\/schema\\\/person\\\/51cc34dd75e270eec12558bb60900d2b\",\"name\":\"brujula1\",\"image\":{\"@type\":\"ImageObject\",\"inLanguage\":\"es\",\"@id\":\"https:\\\/\\\/secure.gravatar.com\\\/avatar\\\/7e5c45ac46bcd78760a935e9ae7f3df83da35ffae9cbccfbee5a9c3137b68312?s=96&d=mm&r=g\",\"url\":\"https:\\\/\\\/secure.gravatar.com\\\/avatar\\\/7e5c45ac46bcd78760a935e9ae7f3df83da35ffae9cbccfbee5a9c3137b68312?s=96&d=mm&r=g\",\"contentUrl\":\"https:\\\/\\\/secure.gravatar.com\\\/avatar\\\/7e5c45ac46bcd78760a935e9ae7f3df83da35ffae9cbccfbee5a9c3137b68312?s=96&d=mm&r=g\",\"caption\":\"brujula1\"},\"sameAs\":[\"https:\\\/\\\/brujulainformativadigital.lat\"],\"url\":\"https:\\\/\\\/brujulainformativadigital.lat\\\/?author=1\"}]}<\/script>\n<!-- \/ Yoast SEO plugin. -->","yoast_head_json":{"title":"El llano se viste de luto: Fallece Jos\u00e9 Al\u00ed Nieves, el eterno \u201cPico de Oro de Venezuela\u201d - Br\u00fajula Informativa Digital","robots":{"index":"index","follow":"follow","max-snippet":"max-snippet:-1","max-image-preview":"max-image-preview:large","max-video-preview":"max-video-preview:-1"},"canonical":"https:\/\/brujulainformativadigital.lat\/?p=855","og_locale":"es_ES","og_type":"article","og_title":"El llano se viste de luto: Fallece Jos\u00e9 Al\u00ed Nieves, el eterno \u201cPico de Oro de Venezuela\u201d - Br\u00fajula Informativa Digital","og_description":"***La m\u00fasica llanera pierde a uno de sus m\u00e1ximos exponentes; el equipo de Br\u00fajula Informativa Digital se une al clamor popular para honrar la memoria de un artista que hizo de la copla y el pasaje un estandarte de venezolanidad***","og_url":"https:\/\/brujulainformativadigital.lat\/?p=855","og_site_name":"Br\u00fajula Informativa Digital","article_publisher":"https:\/\/www.facebook.com\/p\/Brjula-Informativa-Digital-100085876965234\/","article_published_time":"2026-04-28T04:49:06+00:00","article_modified_time":"2026-04-28T04:53:49+00:00","og_image":[{"width":1900,"height":1708,"url":"https:\/\/brujulainformativadigital.lat\/wp-content\/uploads\/2026\/04\/1900x1900-000000-80-0-0-1.jpg","type":"image\/jpeg"}],"author":"brujula1","twitter_card":"summary_large_image","twitter_misc":{"Escrito por":"brujula1","Tiempo estimado de lectura":"3 minutos"},"schema":{"@context":"https:\/\/schema.org","@graph":[{"@type":"Article","@id":"https:\/\/brujulainformativadigital.lat\/?p=855#article","isPartOf":{"@id":"https:\/\/brujulainformativadigital.lat\/?p=855"},"author":{"name":"brujula1","@id":"https:\/\/brujulainformativadigital.lat\/#\/schema\/person\/51cc34dd75e270eec12558bb60900d2b"},"headline":"El llano se viste de luto: Fallece Jos\u00e9 Al\u00ed Nieves, el eterno \u201cPico de Oro de Venezuela\u201d","datePublished":"2026-04-28T04:49:06+00:00","dateModified":"2026-04-28T04:53:49+00:00","mainEntityOfPage":{"@id":"https:\/\/brujulainformativadigital.lat\/?p=855"},"wordCount":542,"commentCount":0,"publisher":{"@id":"https:\/\/brujulainformativadigital.lat\/#organization"},"image":{"@id":"https:\/\/brujulainformativadigital.lat\/?p=855#primaryimage"},"thumbnailUrl":"https:\/\/brujulainformativadigital.lat\/wp-content\/uploads\/2026\/04\/1900x1900-000000-80-0-0-1.jpg","keywords":["Al\u00ed","Fallece","Jos\u00e9","Llano","luto","Nieves","Oro","Pico","Venezuela"],"articleSection":["Esencia Criolla","Nacionales","Noticias"],"inLanguage":"es","potentialAction":[{"@type":"CommentAction","name":"Comment","target":["https:\/\/brujulainformativadigital.lat\/?p=855#respond"]}]},{"@type":"WebPage","@id":"https:\/\/brujulainformativadigital.lat\/?p=855","url":"https:\/\/brujulainformativadigital.lat\/?p=855","name":"El llano se viste de luto: Fallece Jos\u00e9 Al\u00ed Nieves, el eterno \u201cPico de Oro de Venezuela\u201d - Br\u00fajula Informativa Digital","isPartOf":{"@id":"https:\/\/brujulainformativadigital.lat\/#website"},"primaryImageOfPage":{"@id":"https:\/\/brujulainformativadigital.lat\/?p=855#primaryimage"},"image":{"@id":"https:\/\/brujulainformativadigital.lat\/?p=855#primaryimage"},"thumbnailUrl":"https:\/\/brujulainformativadigital.lat\/wp-content\/uploads\/2026\/04\/1900x1900-000000-80-0-0-1.jpg","datePublished":"2026-04-28T04:49:06+00:00","dateModified":"2026-04-28T04:53:49+00:00","breadcrumb":{"@id":"https:\/\/brujulainformativadigital.lat\/?p=855#breadcrumb"},"inLanguage":"es","potentialAction":[{"@type":"ReadAction","target":["https:\/\/brujulainformativadigital.lat\/?p=855"]}]},{"@type":"ImageObject","inLanguage":"es","@id":"https:\/\/brujulainformativadigital.lat\/?p=855#primaryimage","url":"https:\/\/brujulainformativadigital.lat\/wp-content\/uploads\/2026\/04\/1900x1900-000000-80-0-0-1.jpg","contentUrl":"https:\/\/brujulainformativadigital.lat\/wp-content\/uploads\/2026\/04\/1900x1900-000000-80-0-0-1.jpg","width":1900,"height":1708},{"@type":"BreadcrumbList","@id":"https:\/\/brujulainformativadigital.lat\/?p=855#breadcrumb","itemListElement":[{"@type":"ListItem","position":1,"name":"Portada","item":"https:\/\/brujulainformativadigital.lat\/"},{"@type":"ListItem","position":2,"name":"El llano se viste de luto: Fallece Jos\u00e9 Al\u00ed Nieves, el eterno \u201cPico de Oro de Venezuela\u201d"}]},{"@type":"WebSite","@id":"https:\/\/brujulainformativadigital.lat\/#website","url":"https:\/\/brujulainformativadigital.lat\/","name":"Br\u00fajula Informativa Digital","description":"Haciendo un nuevo periodismo","publisher":{"@id":"https:\/\/brujulainformativadigital.lat\/#organization"},"potentialAction":[{"@type":"SearchAction","target":{"@type":"EntryPoint","urlTemplate":"https:\/\/brujulainformativadigital.lat\/?s={search_term_string}"},"query-input":{"@type":"PropertyValueSpecification","valueRequired":true,"valueName":"search_term_string"}}],"inLanguage":"es"},{"@type":"Organization","@id":"https:\/\/brujulainformativadigital.lat\/#organization","name":"Br\u00fajula Informativa Digital","url":"https:\/\/brujulainformativadigital.lat\/","logo":{"@type":"ImageObject","inLanguage":"es","@id":"https:\/\/brujulainformativadigital.lat\/#\/schema\/logo\/image\/","url":"https:\/\/brujulainformativadigital.lat\/wp-content\/uploads\/2026\/03\/logo-2026-transp-1980.png","contentUrl":"https:\/\/brujulainformativadigital.lat\/wp-content\/uploads\/2026\/03\/logo-2026-transp-1980.png","width":1980,"height":1980,"caption":"Br\u00fajula Informativa Digital"},"image":{"@id":"https:\/\/brujulainformativadigital.lat\/#\/schema\/logo\/image\/"},"sameAs":["https:\/\/www.facebook.com\/p\/Brjula-Informativa-Digital-100085876965234\/","https:\/\/www.instagram.com\/brujulainformativadigital\/"]},{"@type":"Person","@id":"https:\/\/brujulainformativadigital.lat\/#\/schema\/person\/51cc34dd75e270eec12558bb60900d2b","name":"brujula1","image":{"@type":"ImageObject","inLanguage":"es","@id":"https:\/\/secure.gravatar.com\/avatar\/7e5c45ac46bcd78760a935e9ae7f3df83da35ffae9cbccfbee5a9c3137b68312?s=96&d=mm&r=g","url":"https:\/\/secure.gravatar.com\/avatar\/7e5c45ac46bcd78760a935e9ae7f3df83da35ffae9cbccfbee5a9c3137b68312?s=96&d=mm&r=g","contentUrl":"https:\/\/secure.gravatar.com\/avatar\/7e5c45ac46bcd78760a935e9ae7f3df83da35ffae9cbccfbee5a9c3137b68312?s=96&d=mm&r=g","caption":"brujula1"},"sameAs":["https:\/\/brujulainformativadigital.lat"],"url":"https:\/\/brujulainformativadigital.lat\/?author=1"}]}},"_links":{"self":[{"href":"https:\/\/brujulainformativadigital.lat\/index.php?rest_route=\/wp\/v2\/posts\/855","targetHints":{"allow":["GET"]}}],"collection":[{"href":"https:\/\/brujulainformativadigital.lat\/index.php?rest_route=\/wp\/v2\/posts"}],"about":[{"href":"https:\/\/brujulainformativadigital.lat\/index.php?rest_route=\/wp\/v2\/types\/post"}],"author":[{"embeddable":true,"href":"https:\/\/brujulainformativadigital.lat\/index.php?rest_route=\/wp\/v2\/users\/1"}],"replies":[{"embeddable":true,"href":"https:\/\/brujulainformativadigital.lat\/index.php?rest_route=%2Fwp%2Fv2%2Fcomments&post=855"}],"version-history":[{"count":3,"href":"https:\/\/brujulainformativadigital.lat\/index.php?rest_route=\/wp\/v2\/posts\/855\/revisions"}],"predecessor-version":[{"id":863,"href":"https:\/\/brujulainformativadigital.lat\/index.php?rest_route=\/wp\/v2\/posts\/855\/revisions\/863"}],"wp:featuredmedia":[{"embeddable":true,"href":"https:\/\/brujulainformativadigital.lat\/index.php?rest_route=\/wp\/v2\/media\/858"}],"wp:attachment":[{"href":"https:\/\/brujulainformativadigital.lat\/index.php?rest_route=%2Fwp%2Fv2%2Fmedia&parent=855"}],"wp:term":[{"taxonomy":"category","embeddable":true,"href":"https:\/\/brujulainformativadigital.lat\/index.php?rest_route=%2Fwp%2Fv2%2Fcategories&post=855"},{"taxonomy":"post_tag","embeddable":true,"href":"https:\/\/brujulainformativadigital.lat\/index.php?rest_route=%2Fwp%2Fv2%2Ftags&post=855"}],"curies":[{"name":"wp","href":"https:\/\/api.w.org\/{rel}","templated":true}]}}