{"id":864,"date":"2026-04-30T01:58:03","date_gmt":"2026-04-30T05:58:03","guid":{"rendered":"https:\/\/brujulainformativadigital.lat\/?p=864"},"modified":"2026-04-30T01:58:18","modified_gmt":"2026-04-30T05:58:18","slug":"sectores-sociales-de-bolivar-convocan-a-gran-concentracion-en-la-plaza-monumental-de-puerto-ordaz-este-1-de-mayo","status":"publish","type":"post","link":"https:\/\/brujulainformativadigital.lat\/?p=864","title":{"rendered":"Sectores sociales de Bol\u00edvar convocan a gran concentraci\u00f3n en la Plaza Monumental de Puerto Ordaz este 1\u00b0 de mayo"},"content":{"rendered":"\n<hr class=\"wp-block-separator has-alpha-channel-opacity\"\/>\n\n\n\n<h2 class=\"wp-block-heading has-text-align-center\"><em>***Organizaciones sindicales, gremios y sociedad civil se declaran en rebeld\u00eda y exigen salarios dignos, libertad para presos pol\u00edticos y elecciones presidenciales ya***<\/em><\/h2>\n\n\n\n<hr class=\"wp-block-separator has-alpha-channel-opacity\"\/>\n\n\n\n<p><strong>Prensa Giro.<\/strong><\/p>\n\n\n\n<p><strong>Ciudad Guayana.-<\/strong> En un encuentro que marc\u00f3 la unidad de diversos sectores sociales, la sede de la CVG fue el escenario donde la organizaci\u00f3n \u00abGuerreros y Guerreras de Guayana\u00bb, la \u00abCasa de la Libertad\u00bb, el Movimiento Unidos por Venalum, Comanditos de Abogados trabajadores de Sidor, defensores de los derechos humanos de los jubilados y pensionados y diversos liderazgos pol\u00edticos y sindicales, ofrecieron una rueda de prensa este mi\u00e9rcoles 29 de abril.<\/p>\n\n\n\n<p>El objetivo central de la convocatoria fue extender un llamado masivo a la clase trabajadora del estado Bol\u00edvar para participar en la Gran Marcha del D\u00eda del Trabajador, que tendr\u00e1 como punto de encuentro la Plaza Monumental de Alta Vista, en Ciudad Guayana, el pr\u00f3ximo viernes 1\u00b0 de mayo.<\/p>\n\n\n<div class=\"wp-block-image\">\n<figure class=\"aligncenter size-large\"><img loading=\"lazy\" decoding=\"async\" width=\"1024\" height=\"576\" src=\"https:\/\/brujulainformativadigital.lat\/wp-content\/uploads\/2026\/04\/WhatsApp-Image-2026-04-29-at-16.59.22-1024x576.jpeg\" alt=\"\" class=\"wp-image-865\" srcset=\"https:\/\/brujulainformativadigital.lat\/wp-content\/uploads\/2026\/04\/WhatsApp-Image-2026-04-29-at-16.59.22-1024x576.jpeg 1024w, https:\/\/brujulainformativadigital.lat\/wp-content\/uploads\/2026\/04\/WhatsApp-Image-2026-04-29-at-16.59.22-300x169.jpeg 300w, https:\/\/brujulainformativadigital.lat\/wp-content\/uploads\/2026\/04\/WhatsApp-Image-2026-04-29-at-16.59.22-768x432.jpeg 768w, https:\/\/brujulainformativadigital.lat\/wp-content\/uploads\/2026\/04\/WhatsApp-Image-2026-04-29-at-16.59.22.jpeg 1280w\" sizes=\"auto, (max-width: 1024px) 100vw, 1024px\" \/><\/figure>\n<\/div>\n\n\n<p>Durante la actividad, los portavoces regionales manifestaron un profundo descontento ante lo que calificaron como una gesti\u00f3n gubernamental marcada por la desidia. Los asistentes entre quienes se encontraban educadores, jubilados, pensionados y amas de casa coincidieron en una agenda de exigencias fundamentales que incluye:<\/p>\n\n\n\n<h2 class=\"wp-block-heading\">La urgencia de establecer sueldos dignos que cubran las necesidades b\u00e1sicas.<\/h2>\n\n\n\n<p><strong>El cese de la persecuci\u00f3n,<\/strong> la liberaci\u00f3n de los presos pol\u00edticos y la garant\u00eda de elecciones libres.<\/p>\n\n\n\n<p><strong>El fin del amedrentamiento<\/strong> hacia la masa laboral.<\/p>\n\n\n\n<p>L\u00edderes sindicales presentes enfatizaron que, bajo el contexto actual, el 1\u00b0 de mayo no representa una fecha de celebraci\u00f3n, sino una oportunidad para demostrar rebeld\u00eda y protesta activa. Denunciaron las constantes \u00abhumillaciones\u00bb que el Ejecutivo Nacional propina al pueblo y se\u00f1alaron que la presencia en las calles es la respuesta natural de una fuerza trabajadora que ha decidido levantar la voz tras a\u00f1os de opresi\u00f3n.<\/p>\n\n\n<div class=\"wp-block-image\">\n<figure class=\"aligncenter size-large\"><img loading=\"lazy\" decoding=\"async\" width=\"1024\" height=\"576\" src=\"https:\/\/brujulainformativadigital.lat\/wp-content\/uploads\/2026\/04\/WhatsApp-Image-2026-04-29-at-16.59.22-2-1024x576.jpeg\" alt=\"\" class=\"wp-image-866\" srcset=\"https:\/\/brujulainformativadigital.lat\/wp-content\/uploads\/2026\/04\/WhatsApp-Image-2026-04-29-at-16.59.22-2-1024x576.jpeg 1024w, https:\/\/brujulainformativadigital.lat\/wp-content\/uploads\/2026\/04\/WhatsApp-Image-2026-04-29-at-16.59.22-2-300x169.jpeg 300w, https:\/\/brujulainformativadigital.lat\/wp-content\/uploads\/2026\/04\/WhatsApp-Image-2026-04-29-at-16.59.22-2-768x432.jpeg 768w, https:\/\/brujulainformativadigital.lat\/wp-content\/uploads\/2026\/04\/WhatsApp-Image-2026-04-29-at-16.59.22-2.jpeg 1280w\" sizes=\"auto, (max-width: 1024px) 100vw, 1024px\" \/><\/figure>\n<\/div>\n\n\n<p>El ambiente de la rueda de prensa estuvo marcado por el entusiasmo de los asistentes, quienes, al un\u00edsono, expresaron consignas en favor de la democracia y la recuperaci\u00f3n del poder adquisitivo. La dirigencia inst\u00f3 a todos los ciudadanos de Bol\u00edvar a vencer el miedo y sumarse a esta movilizaci\u00f3n, asegurando que el restablecimiento de los derechos contractuales y democr\u00e1ticos solo ser\u00e1 posible a trav\u00e9s de la presi\u00f3n social y la unidad de los sectores que hoy se encuentran vulnerados por la crisis econ\u00f3mica.<\/p>\n","protected":false},"excerpt":{"rendered":"<p>***Organizaciones sindicales, gremios y sociedad civil se declaran en rebeld\u00eda y exigen salarios dignos, libertad para presos pol\u00edticos y elecciones presidenciales ya***<\/p>\n","protected":false},"author":1,"featured_media":867,"comment_status":"open","ping_status":"open","sticky":false,"template":"","format":"standard","meta":{"footnotes":""},"categories":[3,4],"tags":[64,464,465,444,94,462,463],"class_list":["post-864","post","type-post","status-publish","format-standard","has-post-thumbnail","hentry","category-noticias","category-regionales","tag-bolivar","tag-concentracion","tag-monumental","tag-plaza","tag-puerto-ordaz-2","tag-sectores","tag-sociales"],"yoast_head":"<!-- This site is optimized with the Yoast SEO plugin v27.4 - https:\/\/yoast.com\/product\/yoast-seo-wordpress\/ -->\n<title>Sectores sociales de Bol\u00edvar convocan a gran concentraci\u00f3n en la Plaza Monumental de Puerto Ordaz este 1\u00b0 de mayo - Br\u00fajula Informativa Digital<\/title>\n<meta name=\"robots\" content=\"index, follow, max-snippet:-1, max-image-preview:large, max-video-preview:-1\" \/>\n<link rel=\"canonical\" href=\"https:\/\/brujulainformativadigital.lat\/?p=864\" \/>\n<meta property=\"og:locale\" content=\"es_ES\" \/>\n<meta property=\"og:type\" content=\"article\" \/>\n<meta property=\"og:title\" content=\"Sectores sociales de Bol\u00edvar convocan a gran concentraci\u00f3n en la Plaza Monumental de Puerto Ordaz este 1\u00b0 de mayo - Br\u00fajula Informativa Digital\" \/>\n<meta property=\"og:description\" content=\"***Organizaciones sindicales, gremios y sociedad civil se declaran en rebeld\u00eda y exigen salarios dignos, libertad para presos pol\u00edticos y elecciones presidenciales ya***\" \/>\n<meta property=\"og:url\" content=\"https:\/\/brujulainformativadigital.lat\/?p=864\" \/>\n<meta property=\"og:site_name\" content=\"Br\u00fajula Informativa Digital\" \/>\n<meta property=\"article:publisher\" content=\"https:\/\/www.facebook.com\/p\/Brjula-Informativa-Digital-100085876965234\/\" \/>\n<meta property=\"article:published_time\" content=\"2026-04-30T05:58:03+00:00\" \/>\n<meta property=\"article:modified_time\" content=\"2026-04-30T05:58:18+00:00\" \/>\n<meta property=\"og:image\" content=\"https:\/\/brujulainformativadigital.lat\/wp-content\/uploads\/2026\/04\/WhatsApp-Image-2026-04-29-at-16.59.22-1.jpeg\" \/>\n\t<meta property=\"og:image:width\" content=\"1280\" \/>\n\t<meta property=\"og:image:height\" content=\"720\" \/>\n\t<meta property=\"og:image:type\" content=\"image\/jpeg\" \/>\n<meta name=\"author\" content=\"brujula1\" \/>\n<meta name=\"twitter:card\" content=\"summary_large_image\" \/>\n<meta name=\"twitter:label1\" content=\"Escrito por\" \/>\n\t<meta name=\"twitter:data1\" content=\"brujula1\" \/>\n\t<meta name=\"twitter:label2\" content=\"Tiempo estimado de lectura\" \/>\n\t<meta name=\"twitter:data2\" content=\"3 minutos\" \/>\n<script type=\"application\/ld+json\" class=\"yoast-schema-graph\">{\"@context\":\"https:\\\/\\\/schema.org\",\"@graph\":[{\"@type\":\"Article\",\"@id\":\"https:\\\/\\\/brujulainformativadigital.lat\\\/?p=864#article\",\"isPartOf\":{\"@id\":\"https:\\\/\\\/brujulainformativadigital.lat\\\/?p=864\"},\"author\":{\"name\":\"brujula1\",\"@id\":\"https:\\\/\\\/brujulainformativadigital.lat\\\/#\\\/schema\\\/person\\\/51cc34dd75e270eec12558bb60900d2b\"},\"headline\":\"Sectores sociales de Bol\u00edvar convocan a gran concentraci\u00f3n en la Plaza Monumental de Puerto Ordaz este 1\u00b0 de mayo\",\"datePublished\":\"2026-04-30T05:58:03+00:00\",\"dateModified\":\"2026-04-30T05:58:18+00:00\",\"mainEntityOfPage\":{\"@id\":\"https:\\\/\\\/brujulainformativadigital.lat\\\/?p=864\"},\"wordCount\":418,\"commentCount\":0,\"publisher\":{\"@id\":\"https:\\\/\\\/brujulainformativadigital.lat\\\/#organization\"},\"image\":{\"@id\":\"https:\\\/\\\/brujulainformativadigital.lat\\\/?p=864#primaryimage\"},\"thumbnailUrl\":\"https:\\\/\\\/brujulainformativadigital.lat\\\/wp-content\\\/uploads\\\/2026\\\/04\\\/WhatsApp-Image-2026-04-29-at-16.59.22-1.jpeg\",\"keywords\":[\"Bol\u00edvar\",\"concentraci\u00f3n\",\"Monumental\",\"Plaza\",\"Puerto Ordaz\",\"Sectores\",\"sociales\"],\"articleSection\":[\"Noticias\",\"Regionales\"],\"inLanguage\":\"es\",\"potentialAction\":[{\"@type\":\"CommentAction\",\"name\":\"Comment\",\"target\":[\"https:\\\/\\\/brujulainformativadigital.lat\\\/?p=864#respond\"]}]},{\"@type\":\"WebPage\",\"@id\":\"https:\\\/\\\/brujulainformativadigital.lat\\\/?p=864\",\"url\":\"https:\\\/\\\/brujulainformativadigital.lat\\\/?p=864\",\"name\":\"Sectores sociales de Bol\u00edvar convocan a gran concentraci\u00f3n en la Plaza Monumental de Puerto Ordaz este 1\u00b0 de mayo - Br\u00fajula Informativa Digital\",\"isPartOf\":{\"@id\":\"https:\\\/\\\/brujulainformativadigital.lat\\\/#website\"},\"primaryImageOfPage\":{\"@id\":\"https:\\\/\\\/brujulainformativadigital.lat\\\/?p=864#primaryimage\"},\"image\":{\"@id\":\"https:\\\/\\\/brujulainformativadigital.lat\\\/?p=864#primaryimage\"},\"thumbnailUrl\":\"https:\\\/\\\/brujulainformativadigital.lat\\\/wp-content\\\/uploads\\\/2026\\\/04\\\/WhatsApp-Image-2026-04-29-at-16.59.22-1.jpeg\",\"datePublished\":\"2026-04-30T05:58:03+00:00\",\"dateModified\":\"2026-04-30T05:58:18+00:00\",\"breadcrumb\":{\"@id\":\"https:\\\/\\\/brujulainformativadigital.lat\\\/?p=864#breadcrumb\"},\"inLanguage\":\"es\",\"potentialAction\":[{\"@type\":\"ReadAction\",\"target\":[\"https:\\\/\\\/brujulainformativadigital.lat\\\/?p=864\"]}]},{\"@type\":\"ImageObject\",\"inLanguage\":\"es\",\"@id\":\"https:\\\/\\\/brujulainformativadigital.lat\\\/?p=864#primaryimage\",\"url\":\"https:\\\/\\\/brujulainformativadigital.lat\\\/wp-content\\\/uploads\\\/2026\\\/04\\\/WhatsApp-Image-2026-04-29-at-16.59.22-1.jpeg\",\"contentUrl\":\"https:\\\/\\\/brujulainformativadigital.lat\\\/wp-content\\\/uploads\\\/2026\\\/04\\\/WhatsApp-Image-2026-04-29-at-16.59.22-1.jpeg\",\"width\":1280,\"height\":720},{\"@type\":\"BreadcrumbList\",\"@id\":\"https:\\\/\\\/brujulainformativadigital.lat\\\/?p=864#breadcrumb\",\"itemListElement\":[{\"@type\":\"ListItem\",\"position\":1,\"name\":\"Portada\",\"item\":\"https:\\\/\\\/brujulainformativadigital.lat\\\/\"},{\"@type\":\"ListItem\",\"position\":2,\"name\":\"Sectores sociales de Bol\u00edvar convocan a gran concentraci\u00f3n en la Plaza Monumental de Puerto Ordaz este 1\u00b0 de mayo\"}]},{\"@type\":\"WebSite\",\"@id\":\"https:\\\/\\\/brujulainformativadigital.lat\\\/#website\",\"url\":\"https:\\\/\\\/brujulainformativadigital.lat\\\/\",\"name\":\"Br\u00fajula Informativa Digital\",\"description\":\"Haciendo un nuevo periodismo\",\"publisher\":{\"@id\":\"https:\\\/\\\/brujulainformativadigital.lat\\\/#organization\"},\"potentialAction\":[{\"@type\":\"SearchAction\",\"target\":{\"@type\":\"EntryPoint\",\"urlTemplate\":\"https:\\\/\\\/brujulainformativadigital.lat\\\/?s={search_term_string}\"},\"query-input\":{\"@type\":\"PropertyValueSpecification\",\"valueRequired\":true,\"valueName\":\"search_term_string\"}}],\"inLanguage\":\"es\"},{\"@type\":\"Organization\",\"@id\":\"https:\\\/\\\/brujulainformativadigital.lat\\\/#organization\",\"name\":\"Br\u00fajula Informativa Digital\",\"url\":\"https:\\\/\\\/brujulainformativadigital.lat\\\/\",\"logo\":{\"@type\":\"ImageObject\",\"inLanguage\":\"es\",\"@id\":\"https:\\\/\\\/brujulainformativadigital.lat\\\/#\\\/schema\\\/logo\\\/image\\\/\",\"url\":\"https:\\\/\\\/brujulainformativadigital.lat\\\/wp-content\\\/uploads\\\/2026\\\/03\\\/logo-2026-transp-1980.png\",\"contentUrl\":\"https:\\\/\\\/brujulainformativadigital.lat\\\/wp-content\\\/uploads\\\/2026\\\/03\\\/logo-2026-transp-1980.png\",\"width\":1980,\"height\":1980,\"caption\":\"Br\u00fajula Informativa Digital\"},\"image\":{\"@id\":\"https:\\\/\\\/brujulainformativadigital.lat\\\/#\\\/schema\\\/logo\\\/image\\\/\"},\"sameAs\":[\"https:\\\/\\\/www.facebook.com\\\/p\\\/Brjula-Informativa-Digital-100085876965234\\\/\",\"https:\\\/\\\/www.instagram.com\\\/brujulainformativadigital\\\/\"]},{\"@type\":\"Person\",\"@id\":\"https:\\\/\\\/brujulainformativadigital.lat\\\/#\\\/schema\\\/person\\\/51cc34dd75e270eec12558bb60900d2b\",\"name\":\"brujula1\",\"image\":{\"@type\":\"ImageObject\",\"inLanguage\":\"es\",\"@id\":\"https:\\\/\\\/secure.gravatar.com\\\/avatar\\\/7e5c45ac46bcd78760a935e9ae7f3df83da35ffae9cbccfbee5a9c3137b68312?s=96&d=mm&r=g\",\"url\":\"https:\\\/\\\/secure.gravatar.com\\\/avatar\\\/7e5c45ac46bcd78760a935e9ae7f3df83da35ffae9cbccfbee5a9c3137b68312?s=96&d=mm&r=g\",\"contentUrl\":\"https:\\\/\\\/secure.gravatar.com\\\/avatar\\\/7e5c45ac46bcd78760a935e9ae7f3df83da35ffae9cbccfbee5a9c3137b68312?s=96&d=mm&r=g\",\"caption\":\"brujula1\"},\"sameAs\":[\"https:\\\/\\\/brujulainformativadigital.lat\"],\"url\":\"https:\\\/\\\/brujulainformativadigital.lat\\\/?author=1\"}]}<\/script>\n<!-- \/ Yoast SEO plugin. -->","yoast_head_json":{"title":"Sectores sociales de Bol\u00edvar convocan a gran concentraci\u00f3n en la Plaza Monumental de Puerto Ordaz este 1\u00b0 de mayo - Br\u00fajula Informativa Digital","robots":{"index":"index","follow":"follow","max-snippet":"max-snippet:-1","max-image-preview":"max-image-preview:large","max-video-preview":"max-video-preview:-1"},"canonical":"https:\/\/brujulainformativadigital.lat\/?p=864","og_locale":"es_ES","og_type":"article","og_title":"Sectores sociales de Bol\u00edvar convocan a gran concentraci\u00f3n en la Plaza Monumental de Puerto Ordaz este 1\u00b0 de mayo - Br\u00fajula Informativa Digital","og_description":"***Organizaciones sindicales, gremios y sociedad civil se declaran en rebeld\u00eda y exigen salarios dignos, libertad para presos pol\u00edticos y elecciones presidenciales ya***","og_url":"https:\/\/brujulainformativadigital.lat\/?p=864","og_site_name":"Br\u00fajula Informativa Digital","article_publisher":"https:\/\/www.facebook.com\/p\/Brjula-Informativa-Digital-100085876965234\/","article_published_time":"2026-04-30T05:58:03+00:00","article_modified_time":"2026-04-30T05:58:18+00:00","og_image":[{"width":1280,"height":720,"url":"https:\/\/brujulainformativadigital.lat\/wp-content\/uploads\/2026\/04\/WhatsApp-Image-2026-04-29-at-16.59.22-1.jpeg","type":"image\/jpeg"}],"author":"brujula1","twitter_card":"summary_large_image","twitter_misc":{"Escrito por":"brujula1","Tiempo estimado de lectura":"3 minutos"},"schema":{"@context":"https:\/\/schema.org","@graph":[{"@type":"Article","@id":"https:\/\/brujulainformativadigital.lat\/?p=864#article","isPartOf":{"@id":"https:\/\/brujulainformativadigital.lat\/?p=864"},"author":{"name":"brujula1","@id":"https:\/\/brujulainformativadigital.lat\/#\/schema\/person\/51cc34dd75e270eec12558bb60900d2b"},"headline":"Sectores sociales de Bol\u00edvar convocan a gran concentraci\u00f3n en la Plaza Monumental de Puerto Ordaz este 1\u00b0 de mayo","datePublished":"2026-04-30T05:58:03+00:00","dateModified":"2026-04-30T05:58:18+00:00","mainEntityOfPage":{"@id":"https:\/\/brujulainformativadigital.lat\/?p=864"},"wordCount":418,"commentCount":0,"publisher":{"@id":"https:\/\/brujulainformativadigital.lat\/#organization"},"image":{"@id":"https:\/\/brujulainformativadigital.lat\/?p=864#primaryimage"},"thumbnailUrl":"https:\/\/brujulainformativadigital.lat\/wp-content\/uploads\/2026\/04\/WhatsApp-Image-2026-04-29-at-16.59.22-1.jpeg","keywords":["Bol\u00edvar","concentraci\u00f3n","Monumental","Plaza","Puerto Ordaz","Sectores","sociales"],"articleSection":["Noticias","Regionales"],"inLanguage":"es","potentialAction":[{"@type":"CommentAction","name":"Comment","target":["https:\/\/brujulainformativadigital.lat\/?p=864#respond"]}]},{"@type":"WebPage","@id":"https:\/\/brujulainformativadigital.lat\/?p=864","url":"https:\/\/brujulainformativadigital.lat\/?p=864","name":"Sectores sociales de Bol\u00edvar convocan a gran concentraci\u00f3n en la Plaza Monumental de Puerto Ordaz este 1\u00b0 de mayo - Br\u00fajula Informativa Digital","isPartOf":{"@id":"https:\/\/brujulainformativadigital.lat\/#website"},"primaryImageOfPage":{"@id":"https:\/\/brujulainformativadigital.lat\/?p=864#primaryimage"},"image":{"@id":"https:\/\/brujulainformativadigital.lat\/?p=864#primaryimage"},"thumbnailUrl":"https:\/\/brujulainformativadigital.lat\/wp-content\/uploads\/2026\/04\/WhatsApp-Image-2026-04-29-at-16.59.22-1.jpeg","datePublished":"2026-04-30T05:58:03+00:00","dateModified":"2026-04-30T05:58:18+00:00","breadcrumb":{"@id":"https:\/\/brujulainformativadigital.lat\/?p=864#breadcrumb"},"inLanguage":"es","potentialAction":[{"@type":"ReadAction","target":["https:\/\/brujulainformativadigital.lat\/?p=864"]}]},{"@type":"ImageObject","inLanguage":"es","@id":"https:\/\/brujulainformativadigital.lat\/?p=864#primaryimage","url":"https:\/\/brujulainformativadigital.lat\/wp-content\/uploads\/2026\/04\/WhatsApp-Image-2026-04-29-at-16.59.22-1.jpeg","contentUrl":"https:\/\/brujulainformativadigital.lat\/wp-content\/uploads\/2026\/04\/WhatsApp-Image-2026-04-29-at-16.59.22-1.jpeg","width":1280,"height":720},{"@type":"BreadcrumbList","@id":"https:\/\/brujulainformativadigital.lat\/?p=864#breadcrumb","itemListElement":[{"@type":"ListItem","position":1,"name":"Portada","item":"https:\/\/brujulainformativadigital.lat\/"},{"@type":"ListItem","position":2,"name":"Sectores sociales de Bol\u00edvar convocan a gran concentraci\u00f3n en la Plaza Monumental de Puerto Ordaz este 1\u00b0 de mayo"}]},{"@type":"WebSite","@id":"https:\/\/brujulainformativadigital.lat\/#website","url":"https:\/\/brujulainformativadigital.lat\/","name":"Br\u00fajula Informativa Digital","description":"Haciendo un nuevo periodismo","publisher":{"@id":"https:\/\/brujulainformativadigital.lat\/#organization"},"potentialAction":[{"@type":"SearchAction","target":{"@type":"EntryPoint","urlTemplate":"https:\/\/brujulainformativadigital.lat\/?s={search_term_string}"},"query-input":{"@type":"PropertyValueSpecification","valueRequired":true,"valueName":"search_term_string"}}],"inLanguage":"es"},{"@type":"Organization","@id":"https:\/\/brujulainformativadigital.lat\/#organization","name":"Br\u00fajula Informativa Digital","url":"https:\/\/brujulainformativadigital.lat\/","logo":{"@type":"ImageObject","inLanguage":"es","@id":"https:\/\/brujulainformativadigital.lat\/#\/schema\/logo\/image\/","url":"https:\/\/brujulainformativadigital.lat\/wp-content\/uploads\/2026\/03\/logo-2026-transp-1980.png","contentUrl":"https:\/\/brujulainformativadigital.lat\/wp-content\/uploads\/2026\/03\/logo-2026-transp-1980.png","width":1980,"height":1980,"caption":"Br\u00fajula Informativa Digital"},"image":{"@id":"https:\/\/brujulainformativadigital.lat\/#\/schema\/logo\/image\/"},"sameAs":["https:\/\/www.facebook.com\/p\/Brjula-Informativa-Digital-100085876965234\/","https:\/\/www.instagram.com\/brujulainformativadigital\/"]},{"@type":"Person","@id":"https:\/\/brujulainformativadigital.lat\/#\/schema\/person\/51cc34dd75e270eec12558bb60900d2b","name":"brujula1","image":{"@type":"ImageObject","inLanguage":"es","@id":"https:\/\/secure.gravatar.com\/avatar\/7e5c45ac46bcd78760a935e9ae7f3df83da35ffae9cbccfbee5a9c3137b68312?s=96&d=mm&r=g","url":"https:\/\/secure.gravatar.com\/avatar\/7e5c45ac46bcd78760a935e9ae7f3df83da35ffae9cbccfbee5a9c3137b68312?s=96&d=mm&r=g","contentUrl":"https:\/\/secure.gravatar.com\/avatar\/7e5c45ac46bcd78760a935e9ae7f3df83da35ffae9cbccfbee5a9c3137b68312?s=96&d=mm&r=g","caption":"brujula1"},"sameAs":["https:\/\/brujulainformativadigital.lat"],"url":"https:\/\/brujulainformativadigital.lat\/?author=1"}]}},"_links":{"self":[{"href":"https:\/\/brujulainformativadigital.lat\/index.php?rest_route=\/wp\/v2\/posts\/864","targetHints":{"allow":["GET"]}}],"collection":[{"href":"https:\/\/brujulainformativadigital.lat\/index.php?rest_route=\/wp\/v2\/posts"}],"about":[{"href":"https:\/\/brujulainformativadigital.lat\/index.php?rest_route=\/wp\/v2\/types\/post"}],"author":[{"embeddable":true,"href":"https:\/\/brujulainformativadigital.lat\/index.php?rest_route=\/wp\/v2\/users\/1"}],"replies":[{"embeddable":true,"href":"https:\/\/brujulainformativadigital.lat\/index.php?rest_route=%2Fwp%2Fv2%2Fcomments&post=864"}],"version-history":[{"count":2,"href":"https:\/\/brujulainformativadigital.lat\/index.php?rest_route=\/wp\/v2\/posts\/864\/revisions"}],"predecessor-version":[{"id":869,"href":"https:\/\/brujulainformativadigital.lat\/index.php?rest_route=\/wp\/v2\/posts\/864\/revisions\/869"}],"wp:featuredmedia":[{"embeddable":true,"href":"https:\/\/brujulainformativadigital.lat\/index.php?rest_route=\/wp\/v2\/media\/867"}],"wp:attachment":[{"href":"https:\/\/brujulainformativadigital.lat\/index.php?rest_route=%2Fwp%2Fv2%2Fmedia&parent=864"}],"wp:term":[{"taxonomy":"category","embeddable":true,"href":"https:\/\/brujulainformativadigital.lat\/index.php?rest_route=%2Fwp%2Fv2%2Fcategories&post=864"},{"taxonomy":"post_tag","embeddable":true,"href":"https:\/\/brujulainformativadigital.lat\/index.php?rest_route=%2Fwp%2Fv2%2Ftags&post=864"}],"curies":[{"name":"wp","href":"https:\/\/api.w.org\/{rel}","templated":true}]}}